{"id":11424,"date":"2025-02-04T17:42:56","date_gmt":"2025-02-04T16:42:56","guid":{"rendered":"https:\/\/wgphoto.pl\/t\/?p=11424"},"modified":"2025-02-04T17:42:56","modified_gmt":"2025-02-04T16:42:56","slug":"inne-dwie-epoki","status":"publish","type":"post","link":"https:\/\/wgphoto.pl\/t\/?p=11424","title":{"rendered":"Inne dwie epoki"},"content":{"rendered":"\n<figure class=\"wp-block-image aligncenter size-full\"><img loading=\"lazy\" decoding=\"async\" width=\"1400\" height=\"937\" src=\"https:\/\/wgphoto.pl\/t\/wp-content\/uploads\/2025\/02\/IMGP3077.jpg\" alt=\"\" class=\"wp-image-11425\" srcset=\"https:\/\/wgphoto.pl\/t\/wp-content\/uploads\/2025\/02\/IMGP3077.jpg 1400w, https:\/\/wgphoto.pl\/t\/wp-content\/uploads\/2025\/02\/IMGP3077-300x201.jpg 300w, https:\/\/wgphoto.pl\/t\/wp-content\/uploads\/2025\/02\/IMGP3077-768x514.jpg 768w\" sizes=\"auto, (max-width: 1400px) 100vw, 1400px\" \/><\/figure>\n\n\n\n<div class=\"wp-block-group has-global-padding is-layout-constrained wp-block-group-is-layout-constrained\">\n<p>Berlin, Alt K\u00f6penick, KT4DM 6080 i w\u00f3z pa\u0144stwa m\u0142odych &#8211; po prawej wida\u0107 fragment ko\u015bcio\u0142a oraz go\u015bci weselnych. 30.04.2013<\/p>\n<\/div>\n","protected":false},"excerpt":{"rendered":"<p>Berlin, Alt K\u00f6penick, KT4DM 6080 i w\u00f3z pa\u0144stwa m\u0142odych &#8211; po prawej wida\u0107 fragment ko\u015bcio\u0142a oraz go\u015bci weselnych. 30.04.2013<\/p>\n","protected":false},"author":1,"featured_media":11425,"comment_status":"open","ping_status":"","sticky":false,"template":"","format":"standard","meta":{"footnotes":""},"categories":[55,3],"tags":[642,418,639,1628,640,23,33],"class_list":["post-11424","post","type-post","status-publish","format-standard","has-post-thumbnail","hentry","category-rok-2013","category-tramwaj","tag-2013-04-30","tag-auto","tag-berlin","tag-bvg-berlin","tag-majowka-2013","tag-niemcy","tag-tatra-kt4"],"_links":{"self":[{"href":"https:\/\/wgphoto.pl\/t\/index.php?rest_route=\/wp\/v2\/posts\/11424","targetHints":{"allow":["GET"]}}],"collection":[{"href":"https:\/\/wgphoto.pl\/t\/index.php?rest_route=\/wp\/v2\/posts"}],"about":[{"href":"https:\/\/wgphoto.pl\/t\/index.php?rest_route=\/wp\/v2\/types\/post"}],"author":[{"embeddable":true,"href":"https:\/\/wgphoto.pl\/t\/index.php?rest_route=\/wp\/v2\/users\/1"}],"replies":[{"embeddable":true,"href":"https:\/\/wgphoto.pl\/t\/index.php?rest_route=%2Fwp%2Fv2%2Fcomments&post=11424"}],"version-history":[{"count":1,"href":"https:\/\/wgphoto.pl\/t\/index.php?rest_route=\/wp\/v2\/posts\/11424\/revisions"}],"predecessor-version":[{"id":11426,"href":"https:\/\/wgphoto.pl\/t\/index.php?rest_route=\/wp\/v2\/posts\/11424\/revisions\/11426"}],"wp:featuredmedia":[{"embeddable":true,"href":"https:\/\/wgphoto.pl\/t\/index.php?rest_route=\/wp\/v2\/media\/11425"}],"wp:attachment":[{"href":"https:\/\/wgphoto.pl\/t\/index.php?rest_route=%2Fwp%2Fv2%2Fmedia&parent=11424"}],"wp:term":[{"taxonomy":"category","embeddable":true,"href":"https:\/\/wgphoto.pl\/t\/index.php?rest_route=%2Fwp%2Fv2%2Fcategories&post=11424"},{"taxonomy":"post_tag","embeddable":true,"href":"https:\/\/wgphoto.pl\/t\/index.php?rest_route=%2Fwp%2Fv2%2Ftags&post=11424"}],"curies":[{"name":"wp","href":"https:\/\/api.w.org\/{rel}","templated":true}]}}