{"id":11445,"date":"2025-02-04T18:11:56","date_gmt":"2025-02-04T17:11:56","guid":{"rendered":"https:\/\/wgphoto.pl\/t\/?p=11445"},"modified":"2025-02-04T18:11:56","modified_gmt":"2025-02-04T17:11:56","slug":"ep09-032-w-miloszycach","status":"publish","type":"post","link":"https:\/\/wgphoto.pl\/t\/?p=11445","title":{"rendered":"EP09-032 w Mi\u0142oszycach"},"content":{"rendered":"\n<figure class=\"wp-block-image aligncenter size-full\"><img loading=\"lazy\" decoding=\"async\" width=\"1400\" height=\"937\" src=\"https:\/\/wgphoto.pl\/t\/wp-content\/uploads\/2025\/02\/IMGP6655.jpg\" alt=\"\" class=\"wp-image-11446\" srcset=\"https:\/\/wgphoto.pl\/t\/wp-content\/uploads\/2025\/02\/IMGP6655.jpg 1400w, https:\/\/wgphoto.pl\/t\/wp-content\/uploads\/2025\/02\/IMGP6655-300x201.jpg 300w, https:\/\/wgphoto.pl\/t\/wp-content\/uploads\/2025\/02\/IMGP6655-768x514.jpg 768w\" sizes=\"auto, (max-width: 1400px) 100vw, 1400px\" \/><\/figure>\n\n\n\n<div class=\"wp-block-group has-global-padding is-layout-constrained wp-block-group-is-layout-constrained\">\n<p>EP09-032 z objazdowym Ex &#8222;Rejtan&#8221; z Warszawy do Wroc\u0142awia wje\u017cd\u017ca na stacj\u0119 Jelcz-Mi\u0142oszyce. W chwili wykonania zdj\u0119cia sk\u0142ad ju\u017c od 3 godzin powinien by\u0107 we Wroc\u0142awiu, zatem jego op\u00f3\u017anienie osi\u0105gnie 4 godziny. 08.07.2009<\/p>\n<\/div>\n","protected":false},"excerpt":{"rendered":"<p>EP09-032 z objazdowym Ex &#8222;Rejtan&#8221; z Warszawy do Wroc\u0142awia wje\u017cd\u017ca na stacj\u0119 Jelcz-Mi\u0142oszyce. W chwili wykonania zdj\u0119cia sk\u0142ad ju\u017c od 3 godzin powinien by\u0107 we Wroc\u0142awiu, zatem jego op\u00f3\u017anienie osi\u0105gnie 4 godziny. 08.07.2009<\/p>\n","protected":false},"author":1,"featured_media":11446,"comment_status":"open","ping_status":"","sticky":false,"template":"","format":"standard","meta":{"footnotes":""},"categories":[2,169],"tags":[2236,2461,3113,63,27,2179],"class_list":["post-11445","post","type-post","status-publish","format-standard","has-post-thumbnail","hentry","category-kolej","category-rok-2009","tag-2009-07-08","tag-ep09","tag-jelcz-miloszyce","tag-pkp","tag-polska","tag-tab-pl215"],"_links":{"self":[{"href":"https:\/\/wgphoto.pl\/t\/index.php?rest_route=\/wp\/v2\/posts\/11445","targetHints":{"allow":["GET"]}}],"collection":[{"href":"https:\/\/wgphoto.pl\/t\/index.php?rest_route=\/wp\/v2\/posts"}],"about":[{"href":"https:\/\/wgphoto.pl\/t\/index.php?rest_route=\/wp\/v2\/types\/post"}],"author":[{"embeddable":true,"href":"https:\/\/wgphoto.pl\/t\/index.php?rest_route=\/wp\/v2\/users\/1"}],"replies":[{"embeddable":true,"href":"https:\/\/wgphoto.pl\/t\/index.php?rest_route=%2Fwp%2Fv2%2Fcomments&post=11445"}],"version-history":[{"count":1,"href":"https:\/\/wgphoto.pl\/t\/index.php?rest_route=\/wp\/v2\/posts\/11445\/revisions"}],"predecessor-version":[{"id":11447,"href":"https:\/\/wgphoto.pl\/t\/index.php?rest_route=\/wp\/v2\/posts\/11445\/revisions\/11447"}],"wp:featuredmedia":[{"embeddable":true,"href":"https:\/\/wgphoto.pl\/t\/index.php?rest_route=\/wp\/v2\/media\/11446"}],"wp:attachment":[{"href":"https:\/\/wgphoto.pl\/t\/index.php?rest_route=%2Fwp%2Fv2%2Fmedia&parent=11445"}],"wp:term":[{"taxonomy":"category","embeddable":true,"href":"https:\/\/wgphoto.pl\/t\/index.php?rest_route=%2Fwp%2Fv2%2Fcategories&post=11445"},{"taxonomy":"post_tag","embeddable":true,"href":"https:\/\/wgphoto.pl\/t\/index.php?rest_route=%2Fwp%2Fv2%2Ftags&post=11445"}],"curies":[{"name":"wp","href":"https:\/\/api.w.org\/{rel}","templated":true}]}}