{"id":11451,"date":"2025-02-04T18:29:41","date_gmt":"2025-02-04T17:29:41","guid":{"rendered":"https:\/\/wgphoto.pl\/t\/?p=11451"},"modified":"2025-06-08T13:14:35","modified_gmt":"2025-06-08T11:14:35","slug":"zakazany-klimat","status":"publish","type":"post","link":"https:\/\/wgphoto.pl\/t\/?p=11451","title":{"rendered":"Zakazany klimat"},"content":{"rendered":"\n<figure class=\"wp-block-image aligncenter size-full\"><img loading=\"lazy\" decoding=\"async\" width=\"1400\" height=\"927\" src=\"https:\/\/wgphoto.pl\/t\/wp-content\/uploads\/2025\/02\/0715-34_rsn.jpg\" alt=\"\" class=\"wp-image-11452\" srcset=\"https:\/\/wgphoto.pl\/t\/wp-content\/uploads\/2025\/02\/0715-34_rsn.jpg 1400w, https:\/\/wgphoto.pl\/t\/wp-content\/uploads\/2025\/02\/0715-34_rsn-300x199.jpg 300w, https:\/\/wgphoto.pl\/t\/wp-content\/uploads\/2025\/02\/0715-34_rsn-768x509.jpg 768w\" sizes=\"auto, (max-width: 1400px) 100vw, 1400px\" \/><\/figure>\n\n\n\n<div class=\"wp-block-group has-global-padding is-layout-constrained wp-block-group-is-layout-constrained\">\n<p>\u015awi\u0119toch\u0142owice-Lipiny, ul. Norberta Barlickiego, 105Na 252 (ex-Krak\u00f3w). Pewnie ju\u017c pod kt\u00f3rym\u015b zdj\u0119ciem pisa\u0142em, \u017ce ta dzielnica nale\u017cy podobno do stref &#8222;no go&#8221;, ale jak\u017ce warto jest tam wyci\u0105gn\u0105\u0107 aparat. [16.07.2007]<\/p>\n<\/div>\n","protected":false},"excerpt":{"rendered":"<p>\u015awi\u0119toch\u0142owice-Lipiny, ul. Norberta Barlickiego, 105Na 252 (ex-Krak\u00f3w). Pewnie ju\u017c pod kt\u00f3rym\u015b zdj\u0119ciem pisa\u0142em, \u017ce ta dzielnica nale\u017cy podobno do stref &#8222;no go&#8221;, ale jak\u017ce warto jest tam wyci\u0105gn\u0105\u0107 aparat. [16.07.2007]<\/p>\n","protected":false},"author":1,"featured_media":11452,"comment_status":"open","ping_status":"","sticky":false,"template":"","format":"standard","meta":{"footnotes":""},"categories":[62,96,3],"tags":[155,2129,34,418,277,1827,27,1091,279],"class_list":["post-11451","post","type-post","status-publish","format-standard","has-post-thumbnail","hentry","category-analog","category-rok-2007","category-tramwaj","tag-105na","tag-2007-07-16","tag-architektura","tag-auto","tag-gop","tag-mural","tag-polska","tag-swietochlowice","tag-tramwaje-slaskie"],"_links":{"self":[{"href":"https:\/\/wgphoto.pl\/t\/index.php?rest_route=\/wp\/v2\/posts\/11451","targetHints":{"allow":["GET"]}}],"collection":[{"href":"https:\/\/wgphoto.pl\/t\/index.php?rest_route=\/wp\/v2\/posts"}],"about":[{"href":"https:\/\/wgphoto.pl\/t\/index.php?rest_route=\/wp\/v2\/types\/post"}],"author":[{"embeddable":true,"href":"https:\/\/wgphoto.pl\/t\/index.php?rest_route=\/wp\/v2\/users\/1"}],"replies":[{"embeddable":true,"href":"https:\/\/wgphoto.pl\/t\/index.php?rest_route=%2Fwp%2Fv2%2Fcomments&post=11451"}],"version-history":[{"count":1,"href":"https:\/\/wgphoto.pl\/t\/index.php?rest_route=\/wp\/v2\/posts\/11451\/revisions"}],"predecessor-version":[{"id":11453,"href":"https:\/\/wgphoto.pl\/t\/index.php?rest_route=\/wp\/v2\/posts\/11451\/revisions\/11453"}],"wp:featuredmedia":[{"embeddable":true,"href":"https:\/\/wgphoto.pl\/t\/index.php?rest_route=\/wp\/v2\/media\/11452"}],"wp:attachment":[{"href":"https:\/\/wgphoto.pl\/t\/index.php?rest_route=%2Fwp%2Fv2%2Fmedia&parent=11451"}],"wp:term":[{"taxonomy":"category","embeddable":true,"href":"https:\/\/wgphoto.pl\/t\/index.php?rest_route=%2Fwp%2Fv2%2Fcategories&post=11451"},{"taxonomy":"post_tag","embeddable":true,"href":"https:\/\/wgphoto.pl\/t\/index.php?rest_route=%2Fwp%2Fv2%2Ftags&post=11451"}],"curies":[{"name":"wp","href":"https:\/\/api.w.org\/{rel}","templated":true}]}}