{"id":11457,"date":"2025-02-04T21:37:59","date_gmt":"2025-02-04T20:37:59","guid":{"rendered":"https:\/\/wgphoto.pl\/t\/?p=11457"},"modified":"2025-02-04T22:04:23","modified_gmt":"2025-02-04T21:04:23","slug":"potrojniaczkiem-do-rossmanna","status":"publish","type":"post","link":"https:\/\/wgphoto.pl\/t\/?p=11457","title":{"rendered":"Potr\u00f3jniaczkiem do Rossmanna"},"content":{"rendered":"\n<figure class=\"wp-block-image aligncenter size-full\"><img loading=\"lazy\" decoding=\"async\" width=\"1300\" height=\"861\" src=\"https:\/\/wgphoto.pl\/t\/wp-content\/uploads\/2025\/02\/IMGP4118.jpg\" alt=\"\" class=\"wp-image-11526\" srcset=\"https:\/\/wgphoto.pl\/t\/wp-content\/uploads\/2025\/02\/IMGP4118.jpg 1300w, https:\/\/wgphoto.pl\/t\/wp-content\/uploads\/2025\/02\/IMGP4118-300x199.jpg 300w, https:\/\/wgphoto.pl\/t\/wp-content\/uploads\/2025\/02\/IMGP4118-768x509.jpg 768w\" sizes=\"auto, (max-width: 1300px) 100vw, 1300px\" \/><\/figure>\n\n\n\n<div class=\"wp-block-group has-global-padding is-layout-constrained wp-block-group-is-layout-constrained\">\n<p>Lipsk, Mockauer Stra\u00dfe. Potr\u00f3jniak T4D-M1 + T4D-M1 + NB4 nr 2122+2159+901 przed chwil\u0105 odjecha\u0142 z p\u0119tli Mockau, Post, bior\u0105cej sw\u0105 nazw\u0119 od obiektu za tramwajem. 2016-04-30<\/p>\n<\/div>\n","protected":false},"excerpt":{"rendered":"<p>Lipsk, Mockauer Stra\u00dfe. Potr\u00f3jniak T4D-M1 + T4D-M1 + NB4 nr 2122+2159+901 przed chwil\u0105 odjecha\u0142 z p\u0119tli Mockau, Post, bior\u0105cej sw\u0105 nazw\u0119 od obiektu za tramwajem. 2016-04-30<\/p>\n","protected":false},"author":1,"featured_media":11526,"comment_status":"open","ping_status":"","sticky":false,"template":"","format":"standard","meta":{"footnotes":""},"categories":[125,3],"tags":[1532,1180,1179,635,23,143,135,1112],"class_list":["post-11457","post","type-post","status-publish","format-standard","has-post-thumbnail","hentry","category-rok-2016","category-tramwaj","tag-2016-04-30","tag-lipsk","tag-lvb-leipzig","tag-majowka-2016","tag-niemcy","tag-ponad-30m","tag-potrojniak","tag-tatra-t4"],"_links":{"self":[{"href":"https:\/\/wgphoto.pl\/t\/index.php?rest_route=\/wp\/v2\/posts\/11457","targetHints":{"allow":["GET"]}}],"collection":[{"href":"https:\/\/wgphoto.pl\/t\/index.php?rest_route=\/wp\/v2\/posts"}],"about":[{"href":"https:\/\/wgphoto.pl\/t\/index.php?rest_route=\/wp\/v2\/types\/post"}],"author":[{"embeddable":true,"href":"https:\/\/wgphoto.pl\/t\/index.php?rest_route=\/wp\/v2\/users\/1"}],"replies":[{"embeddable":true,"href":"https:\/\/wgphoto.pl\/t\/index.php?rest_route=%2Fwp%2Fv2%2Fcomments&post=11457"}],"version-history":[{"count":2,"href":"https:\/\/wgphoto.pl\/t\/index.php?rest_route=\/wp\/v2\/posts\/11457\/revisions"}],"predecessor-version":[{"id":11527,"href":"https:\/\/wgphoto.pl\/t\/index.php?rest_route=\/wp\/v2\/posts\/11457\/revisions\/11527"}],"wp:featuredmedia":[{"embeddable":true,"href":"https:\/\/wgphoto.pl\/t\/index.php?rest_route=\/wp\/v2\/media\/11526"}],"wp:attachment":[{"href":"https:\/\/wgphoto.pl\/t\/index.php?rest_route=%2Fwp%2Fv2%2Fmedia&parent=11457"}],"wp:term":[{"taxonomy":"category","embeddable":true,"href":"https:\/\/wgphoto.pl\/t\/index.php?rest_route=%2Fwp%2Fv2%2Fcategories&post=11457"},{"taxonomy":"post_tag","embeddable":true,"href":"https:\/\/wgphoto.pl\/t\/index.php?rest_route=%2Fwp%2Fv2%2Ftags&post=11457"}],"curies":[{"name":"wp","href":"https:\/\/api.w.org\/{rel}","templated":true}]}}