{"id":11469,"date":"2025-02-04T21:41:31","date_gmt":"2025-02-04T20:41:31","guid":{"rendered":"https:\/\/wgphoto.pl\/t\/?p=11469"},"modified":"2025-02-04T21:41:31","modified_gmt":"2025-02-04T20:41:31","slug":"anna-ebert-brucke","status":"publish","type":"post","link":"https:\/\/wgphoto.pl\/t\/?p=11469","title":{"rendered":"Anna-Ebert-Br\u00fccke"},"content":{"rendered":"\n<figure class=\"wp-block-image aligncenter size-full\"><img loading=\"lazy\" decoding=\"async\" width=\"1200\" height=\"795\" src=\"https:\/\/wgphoto.pl\/t\/wp-content\/uploads\/2025\/02\/IMGP4528.jpg\" alt=\"\" class=\"wp-image-11470\" srcset=\"https:\/\/wgphoto.pl\/t\/wp-content\/uploads\/2025\/02\/IMGP4528.jpg 1200w, https:\/\/wgphoto.pl\/t\/wp-content\/uploads\/2025\/02\/IMGP4528-300x199.jpg 300w, https:\/\/wgphoto.pl\/t\/wp-content\/uploads\/2025\/02\/IMGP4528-768x509.jpg 768w\" sizes=\"auto, (max-width: 1200px) 100vw, 1200px\" \/><\/figure>\n\n\n\n<div class=\"wp-block-group has-global-padding is-layout-constrained wp-block-group-is-layout-constrained\">\n<p>W nawi\u0105zaniu do poprzedniego &#8211; jest i \u00f3w most b\u0119d\u0105cy w kiepskim stanie technicznym wraz z tramwajem tocz\u0105cym si\u0119 przeze\u0144 z pr\u0119dko\u015bci\u0105 10 km\/h. A tramwaj jest nie bylejaki, bo niskacze z doczepami s\u0105 raczej rzadkim zjawiskiem (w\u0142a\u015bciwie do czasu tej wycieczki temat ten by\u0142 mi zupe\u0142nie nieznany, ale o tym kiedy indziej), a doczepy typu B6A2 nie s\u0105 spotykane ju\u017c chyba nigdzie indziej na\u2026 \u015bwiecie. 01.05.2016<\/p>\n<\/div>\n","protected":false},"excerpt":{"rendered":"<p>W nawi\u0105zaniu do poprzedniego &#8211; jest i \u00f3w most b\u0119d\u0105cy w kiepskim stanie technicznym wraz z tramwajem tocz\u0105cym si\u0119 przeze\u0144 z pr\u0119dko\u015bci\u0105 10 km\/h. A tramwaj jest nie bylejaki, bo niskacze z doczepami s\u0105 raczej rzadkim zjawiskiem (w\u0142a\u015bciwie do czasu tej wycieczki temat ten by\u0142 mi zupe\u0142nie nieznany, ale o tym kiedy indziej), a doczepy [&hellip;]<\/p>\n","protected":false},"author":1,"featured_media":11470,"comment_status":"open","ping_status":"","sticky":false,"template":"","format":"standard","meta":{"footnotes":""},"categories":[125,3],"tags":[1407,1408,1405,635,45,1406,23,143],"class_list":["post-11469","post","type-post","status-publish","format-standard","has-post-thumbnail","hentry","category-rok-2016","category-tramwaj","tag-2016-05-01","tag-alstom-citadis200","tag-magdeburg","tag-majowka-2016","tag-most","tag-mvb-magdeburg","tag-niemcy","tag-ponad-30m"],"_links":{"self":[{"href":"https:\/\/wgphoto.pl\/t\/index.php?rest_route=\/wp\/v2\/posts\/11469","targetHints":{"allow":["GET"]}}],"collection":[{"href":"https:\/\/wgphoto.pl\/t\/index.php?rest_route=\/wp\/v2\/posts"}],"about":[{"href":"https:\/\/wgphoto.pl\/t\/index.php?rest_route=\/wp\/v2\/types\/post"}],"author":[{"embeddable":true,"href":"https:\/\/wgphoto.pl\/t\/index.php?rest_route=\/wp\/v2\/users\/1"}],"replies":[{"embeddable":true,"href":"https:\/\/wgphoto.pl\/t\/index.php?rest_route=%2Fwp%2Fv2%2Fcomments&post=11469"}],"version-history":[{"count":1,"href":"https:\/\/wgphoto.pl\/t\/index.php?rest_route=\/wp\/v2\/posts\/11469\/revisions"}],"predecessor-version":[{"id":11471,"href":"https:\/\/wgphoto.pl\/t\/index.php?rest_route=\/wp\/v2\/posts\/11469\/revisions\/11471"}],"wp:featuredmedia":[{"embeddable":true,"href":"https:\/\/wgphoto.pl\/t\/index.php?rest_route=\/wp\/v2\/media\/11470"}],"wp:attachment":[{"href":"https:\/\/wgphoto.pl\/t\/index.php?rest_route=%2Fwp%2Fv2%2Fmedia&parent=11469"}],"wp:term":[{"taxonomy":"category","embeddable":true,"href":"https:\/\/wgphoto.pl\/t\/index.php?rest_route=%2Fwp%2Fv2%2Fcategories&post=11469"},{"taxonomy":"post_tag","embeddable":true,"href":"https:\/\/wgphoto.pl\/t\/index.php?rest_route=%2Fwp%2Fv2%2Ftags&post=11469"}],"curies":[{"name":"wp","href":"https:\/\/api.w.org\/{rel}","templated":true}]}}