{"id":11472,"date":"2025-02-04T21:43:01","date_gmt":"2025-02-04T20:43:01","guid":{"rendered":"https:\/\/wgphoto.pl\/t\/?p=11472"},"modified":"2025-02-04T21:43:01","modified_gmt":"2025-02-04T20:43:01","slug":"gt6b4-nr-77567776","status":"publish","type":"post","link":"https:\/\/wgphoto.pl\/t\/?p=11472","title":{"rendered":"GT6+B4 nr 7756+7776"},"content":{"rendered":"\n<figure class=\"wp-block-image aligncenter size-full\"><img loading=\"lazy\" decoding=\"async\" width=\"1200\" height=\"795\" src=\"https:\/\/wgphoto.pl\/t\/wp-content\/uploads\/2025\/02\/IMGP4844.jpg\" alt=\"\" class=\"wp-image-11473\" srcset=\"https:\/\/wgphoto.pl\/t\/wp-content\/uploads\/2025\/02\/IMGP4844.jpg 1200w, https:\/\/wgphoto.pl\/t\/wp-content\/uploads\/2025\/02\/IMGP4844-300x199.jpg 300w, https:\/\/wgphoto.pl\/t\/wp-content\/uploads\/2025\/02\/IMGP4844-768x509.jpg 768w\" sizes=\"auto, (max-width: 1200px) 100vw, 1200px\" \/><\/figure>\n\n\n\n<div class=\"wp-block-group has-global-padding is-layout-constrained wp-block-group-is-layout-constrained\">\n<p>Braunschweig, Friedrich-Wilhelm-Stra\u00dfe. Zestaw 39-letnich D\u00fcwag\u00f3w przemierza deptak w centrum miasta. Miejscowi motorniczowie najwidoczniej odzwyczajaj\u0105 si\u0119 od tramwaj\u00f3w z rozruchem oporowym i je\u017cd\u017c\u0105 nimi ma\u0142o dynamicznie oraz powoli, co skutkuje kiepsk\u0105 punktualno\u015bci\u0105 niekt\u00f3rych brygad. Tak\u0105 przynajmniej obserwacj\u0119 poczyni\u0142em jad\u0105c tramwajem ze zdj\u0119cia. 2016-05-02<\/p>\n<\/div>\n","protected":false},"excerpt":{"rendered":"<p>Braunschweig, Friedrich-Wilhelm-Stra\u00dfe. Zestaw 39-letnich D\u00fcwag\u00f3w przemierza deptak w centrum miasta. Miejscowi motorniczowie najwidoczniej odzwyczajaj\u0105 si\u0119 od tramwaj\u00f3w z rozruchem oporowym i je\u017cd\u017c\u0105 nimi ma\u0142o dynamicznie oraz powoli, co skutkuje kiepsk\u0105 punktualno\u015bci\u0105 niekt\u00f3rych brygad. Tak\u0105 przynajmniej obserwacj\u0119 poczyni\u0142em jad\u0105c tramwajem ze zdj\u0119cia. 2016-05-02<\/p>\n","protected":false},"author":1,"featured_media":11473,"comment_status":"open","ping_status":"","sticky":false,"template":"","format":"standard","meta":{"footnotes":""},"categories":[125,3],"tags":[637,34,636,634,239,101,635,23,143],"class_list":["post-11472","post","type-post","status-publish","format-standard","has-post-thumbnail","hentry","category-rok-2016","category-tramwaj","tag-2016-05-02","tag-architektura","tag-braunschweig","tag-bsvag-braunschweig","tag-deptak","tag-gt6","tag-majowka-2016","tag-niemcy","tag-ponad-30m"],"_links":{"self":[{"href":"https:\/\/wgphoto.pl\/t\/index.php?rest_route=\/wp\/v2\/posts\/11472","targetHints":{"allow":["GET"]}}],"collection":[{"href":"https:\/\/wgphoto.pl\/t\/index.php?rest_route=\/wp\/v2\/posts"}],"about":[{"href":"https:\/\/wgphoto.pl\/t\/index.php?rest_route=\/wp\/v2\/types\/post"}],"author":[{"embeddable":true,"href":"https:\/\/wgphoto.pl\/t\/index.php?rest_route=\/wp\/v2\/users\/1"}],"replies":[{"embeddable":true,"href":"https:\/\/wgphoto.pl\/t\/index.php?rest_route=%2Fwp%2Fv2%2Fcomments&post=11472"}],"version-history":[{"count":1,"href":"https:\/\/wgphoto.pl\/t\/index.php?rest_route=\/wp\/v2\/posts\/11472\/revisions"}],"predecessor-version":[{"id":11474,"href":"https:\/\/wgphoto.pl\/t\/index.php?rest_route=\/wp\/v2\/posts\/11472\/revisions\/11474"}],"wp:featuredmedia":[{"embeddable":true,"href":"https:\/\/wgphoto.pl\/t\/index.php?rest_route=\/wp\/v2\/media\/11473"}],"wp:attachment":[{"href":"https:\/\/wgphoto.pl\/t\/index.php?rest_route=%2Fwp%2Fv2%2Fmedia&parent=11472"}],"wp:term":[{"taxonomy":"category","embeddable":true,"href":"https:\/\/wgphoto.pl\/t\/index.php?rest_route=%2Fwp%2Fv2%2Fcategories&post=11472"},{"taxonomy":"post_tag","embeddable":true,"href":"https:\/\/wgphoto.pl\/t\/index.php?rest_route=%2Fwp%2Fv2%2Ftags&post=11472"}],"curies":[{"name":"wp","href":"https:\/\/api.w.org\/{rel}","templated":true}]}}