{"id":11478,"date":"2025-02-04T21:44:46","date_gmt":"2025-02-04T20:44:46","guid":{"rendered":"https:\/\/wgphoto.pl\/t\/?p=11478"},"modified":"2025-02-04T21:44:46","modified_gmt":"2025-02-04T20:44:46","slug":"splot","status":"publish","type":"post","link":"https:\/\/wgphoto.pl\/t\/?p=11478","title":{"rendered":"Splot"},"content":{"rendered":"\n<figure class=\"wp-block-image aligncenter size-full\"><img loading=\"lazy\" decoding=\"async\" width=\"1200\" height=\"795\" src=\"https:\/\/wgphoto.pl\/t\/wp-content\/uploads\/2025\/02\/IMGP4809.jpg\" alt=\"\" class=\"wp-image-11479\" srcset=\"https:\/\/wgphoto.pl\/t\/wp-content\/uploads\/2025\/02\/IMGP4809.jpg 1200w, https:\/\/wgphoto.pl\/t\/wp-content\/uploads\/2025\/02\/IMGP4809-300x199.jpg 300w, https:\/\/wgphoto.pl\/t\/wp-content\/uploads\/2025\/02\/IMGP4809-768x509.jpg 768w\" sizes=\"auto, (max-width: 1200px) 100vw, 1200px\" \/><\/figure>\n\n\n\n<div class=\"wp-block-group has-global-padding is-layout-constrained wp-block-group-is-layout-constrained\">\n<p>Braunschweig, Am Wendenwehr. Tramwaj z poprzedniego zdj\u0119cia zosta\u0142 przy\u0142apany na p\u00f3\u0142nocnym odcinku jedynki, obok pi\u0119knej modernistycznej kamienicy. Uwag\u0119 zwraca r\u00f3wnie\u017c tr\u00f3jszynowy splot. Jest par\u0119 takich odcink\u00f3w w mie\u015bcie, ale do przekucia ca\u0142ej sieci z niestandardowych 1100 mm na 1435 mm jeszcze daleko. 2016-05-02<\/p>\n<\/div>\n","protected":false},"excerpt":{"rendered":"<p>Braunschweig, Am Wendenwehr. Tramwaj z poprzedniego zdj\u0119cia zosta\u0142 przy\u0142apany na p\u00f3\u0142nocnym odcinku jedynki, obok pi\u0119knej modernistycznej kamienicy. Uwag\u0119 zwraca r\u00f3wnie\u017c tr\u00f3jszynowy splot. Jest par\u0119 takich odcink\u00f3w w mie\u015bcie, ale do przekucia ca\u0142ej sieci z niestandardowych 1100 mm na 1435 mm jeszcze daleko. 2016-05-02<\/p>\n","protected":false},"author":1,"featured_media":11479,"comment_status":"open","ping_status":"","sticky":false,"template":"","format":"standard","meta":{"footnotes":""},"categories":[125,3],"tags":[637,636,634,101,635,23,143,1333],"class_list":["post-11478","post","type-post","status-publish","format-standard","has-post-thumbnail","hentry","category-rok-2016","category-tramwaj","tag-2016-05-02","tag-braunschweig","tag-bsvag-braunschweig","tag-gt6","tag-majowka-2016","tag-niemcy","tag-ponad-30m","tag-splot"],"_links":{"self":[{"href":"https:\/\/wgphoto.pl\/t\/index.php?rest_route=\/wp\/v2\/posts\/11478","targetHints":{"allow":["GET"]}}],"collection":[{"href":"https:\/\/wgphoto.pl\/t\/index.php?rest_route=\/wp\/v2\/posts"}],"about":[{"href":"https:\/\/wgphoto.pl\/t\/index.php?rest_route=\/wp\/v2\/types\/post"}],"author":[{"embeddable":true,"href":"https:\/\/wgphoto.pl\/t\/index.php?rest_route=\/wp\/v2\/users\/1"}],"replies":[{"embeddable":true,"href":"https:\/\/wgphoto.pl\/t\/index.php?rest_route=%2Fwp%2Fv2%2Fcomments&post=11478"}],"version-history":[{"count":1,"href":"https:\/\/wgphoto.pl\/t\/index.php?rest_route=\/wp\/v2\/posts\/11478\/revisions"}],"predecessor-version":[{"id":11480,"href":"https:\/\/wgphoto.pl\/t\/index.php?rest_route=\/wp\/v2\/posts\/11478\/revisions\/11480"}],"wp:featuredmedia":[{"embeddable":true,"href":"https:\/\/wgphoto.pl\/t\/index.php?rest_route=\/wp\/v2\/media\/11479"}],"wp:attachment":[{"href":"https:\/\/wgphoto.pl\/t\/index.php?rest_route=%2Fwp%2Fv2%2Fmedia&parent=11478"}],"wp:term":[{"taxonomy":"category","embeddable":true,"href":"https:\/\/wgphoto.pl\/t\/index.php?rest_route=%2Fwp%2Fv2%2Fcategories&post=11478"},{"taxonomy":"post_tag","embeddable":true,"href":"https:\/\/wgphoto.pl\/t\/index.php?rest_route=%2Fwp%2Fv2%2Ftags&post=11478"}],"curies":[{"name":"wp","href":"https:\/\/api.w.org\/{rel}","templated":true}]}}