{"id":11481,"date":"2025-02-04T21:45:39","date_gmt":"2025-02-04T20:45:39","guid":{"rendered":"https:\/\/wgphoto.pl\/t\/?p=11481"},"modified":"2025-02-04T21:45:39","modified_gmt":"2025-02-04T20:45:39","slug":"chory-sen-o-wielkiej-plycie","status":"publish","type":"post","link":"https:\/\/wgphoto.pl\/t\/?p=11481","title":{"rendered":"Chory sen o wielkiej p\u0142ycie"},"content":{"rendered":"\n<figure class=\"wp-block-image aligncenter size-full\"><img loading=\"lazy\" decoding=\"async\" width=\"1200\" height=\"795\" src=\"https:\/\/wgphoto.pl\/t\/wp-content\/uploads\/2025\/02\/IMGP4812.jpg\" alt=\"\" class=\"wp-image-11482\" srcset=\"https:\/\/wgphoto.pl\/t\/wp-content\/uploads\/2025\/02\/IMGP4812.jpg 1200w, https:\/\/wgphoto.pl\/t\/wp-content\/uploads\/2025\/02\/IMGP4812-300x199.jpg 300w, https:\/\/wgphoto.pl\/t\/wp-content\/uploads\/2025\/02\/IMGP4812-768x509.jpg 768w\" sizes=\"auto, (max-width: 1200px) 100vw, 1200px\" \/><\/figure>\n\n\n\n<div class=\"wp-block-group has-global-padding is-layout-constrained wp-block-group-is-layout-constrained\">\n<p>Braunschweig, Am Wendenwehr. Miejsce z poprzedniego zdj\u0119cia ogl\u0105dane od drugiej strony prezentuje eklektyczn\u0105 zabudow\u0119, z zachodnioniemieck\u0105 wariacj\u0105 na temat wielkiej p\u0142yty w\u0142\u0105cznie. \ud83d\ude09 Przy okazji mo\u017cna zwr\u00f3ci\u0107 uwag\u0119 na infrastruktur\u0119 przystankow\u0105 &#8211; w tym mie\u015bcie ka\u017cdy przystanek tramwajowy wygl\u0105da tak samo: &#8222;meble&#8221; s\u0105 jakie\u015b takie zielonkawo-niebieskawe i wsz\u0119dzie stoj\u0105 te charakterystyczne latarnie z opraw\u0105 o\u015bwietleniow\u0105 w kszta\u0142cie sto\u017cka. 2016-05-02<\/p>\n<\/div>\n","protected":false},"excerpt":{"rendered":"<p>Braunschweig, Am Wendenwehr. Miejsce z poprzedniego zdj\u0119cia ogl\u0105dane od drugiej strony prezentuje eklektyczn\u0105 zabudow\u0119, z zachodnioniemieck\u0105 wariacj\u0105 na temat wielkiej p\u0142yty w\u0142\u0105cznie. \ud83d\ude09 Przy okazji mo\u017cna zwr\u00f3ci\u0107 uwag\u0119 na infrastruktur\u0119 przystankow\u0105 &#8211; w tym mie\u015bcie ka\u017cdy przystanek tramwajowy wygl\u0105da tak samo: &#8222;meble&#8221; s\u0105 jakie\u015b takie zielonkawo-niebieskawe i wsz\u0119dzie stoj\u0105 te charakterystyczne latarnie z opraw\u0105 o\u015bwietleniow\u0105 [&hellip;]<\/p>\n","protected":false},"author":1,"featured_media":11482,"comment_status":"open","ping_status":"","sticky":false,"template":"","format":"standard","meta":{"footnotes":""},"categories":[125,3],"tags":[637,34,636,634,635,23],"class_list":["post-11481","post","type-post","status-publish","format-standard","has-post-thumbnail","hentry","category-rok-2016","category-tramwaj","tag-2016-05-02","tag-architektura","tag-braunschweig","tag-bsvag-braunschweig","tag-majowka-2016","tag-niemcy"],"_links":{"self":[{"href":"https:\/\/wgphoto.pl\/t\/index.php?rest_route=\/wp\/v2\/posts\/11481","targetHints":{"allow":["GET"]}}],"collection":[{"href":"https:\/\/wgphoto.pl\/t\/index.php?rest_route=\/wp\/v2\/posts"}],"about":[{"href":"https:\/\/wgphoto.pl\/t\/index.php?rest_route=\/wp\/v2\/types\/post"}],"author":[{"embeddable":true,"href":"https:\/\/wgphoto.pl\/t\/index.php?rest_route=\/wp\/v2\/users\/1"}],"replies":[{"embeddable":true,"href":"https:\/\/wgphoto.pl\/t\/index.php?rest_route=%2Fwp%2Fv2%2Fcomments&post=11481"}],"version-history":[{"count":1,"href":"https:\/\/wgphoto.pl\/t\/index.php?rest_route=\/wp\/v2\/posts\/11481\/revisions"}],"predecessor-version":[{"id":11483,"href":"https:\/\/wgphoto.pl\/t\/index.php?rest_route=\/wp\/v2\/posts\/11481\/revisions\/11483"}],"wp:featuredmedia":[{"embeddable":true,"href":"https:\/\/wgphoto.pl\/t\/index.php?rest_route=\/wp\/v2\/media\/11482"}],"wp:attachment":[{"href":"https:\/\/wgphoto.pl\/t\/index.php?rest_route=%2Fwp%2Fv2%2Fmedia&parent=11481"}],"wp:term":[{"taxonomy":"category","embeddable":true,"href":"https:\/\/wgphoto.pl\/t\/index.php?rest_route=%2Fwp%2Fv2%2Fcategories&post=11481"},{"taxonomy":"post_tag","embeddable":true,"href":"https:\/\/wgphoto.pl\/t\/index.php?rest_route=%2Fwp%2Fv2%2Ftags&post=11481"}],"curies":[{"name":"wp","href":"https:\/\/api.w.org\/{rel}","templated":true}]}}