{"id":11487,"date":"2025-02-04T21:47:34","date_gmt":"2025-02-04T20:47:34","guid":{"rendered":"https:\/\/wgphoto.pl\/t\/?p=11487"},"modified":"2025-02-04T21:47:34","modified_gmt":"2025-02-04T20:47:34","slug":"najpiekniejszy","status":"publish","type":"post","link":"https:\/\/wgphoto.pl\/t\/?p=11487","title":{"rendered":"Najpi\u0119kniejszy"},"content":{"rendered":"\n<figure class=\"wp-block-image aligncenter size-full\"><img loading=\"lazy\" decoding=\"async\" width=\"700\" height=\"1057\" src=\"https:\/\/wgphoto.pl\/t\/wp-content\/uploads\/2025\/02\/IMGP4835-1.jpg\" alt=\"\" class=\"wp-image-11488\" srcset=\"https:\/\/wgphoto.pl\/t\/wp-content\/uploads\/2025\/02\/IMGP4835-1.jpg 700w, https:\/\/wgphoto.pl\/t\/wp-content\/uploads\/2025\/02\/IMGP4835-1-199x300.jpg 199w\" sizes=\"auto, (max-width: 700px) 100vw, 700px\" \/><\/figure>\n\n\n\n<div class=\"wp-block-group has-global-padding is-layout-constrained wp-block-group-is-layout-constrained\">\n<p>Braunschweig, Friedrich-Wilhelm-Stra\u00dfe. Zestaw 7758+7774, jako przedstawiciel najstarszej serii tutejszych tramwaj\u00f3w, posiadaj\u0105cy na dodatek jednolite i ca\u0142kiem pomys\u0142owe ale nie przekombinowane malowanie, by\u0142 najwdzi\u0119czniejszym obiektem do fotografowania tego dnia. Tutaj mija jeden z urz\u0119d\u00f3w pocztowych. 2016-05-02<\/p>\n<\/div>\n","protected":false},"excerpt":{"rendered":"<p>Braunschweig, Friedrich-Wilhelm-Stra\u00dfe. Zestaw 7758+7774, jako przedstawiciel najstarszej serii tutejszych tramwaj\u00f3w, posiadaj\u0105cy na dodatek jednolite i ca\u0142kiem pomys\u0142owe ale nie przekombinowane malowanie, by\u0142 najwdzi\u0119czniejszym obiektem do fotografowania tego dnia. Tutaj mija jeden z urz\u0119d\u00f3w pocztowych. 2016-05-02<\/p>\n","protected":false},"author":1,"featured_media":11488,"comment_status":"open","ping_status":"","sticky":false,"template":"","format":"standard","meta":{"footnotes":""},"categories":[128,125,3],"tags":[637,34,636,634,239,101,635,23,143],"class_list":["post-11487","post","type-post","status-publish","format-standard","has-post-thumbnail","hentry","category-pionowe","category-rok-2016","category-tramwaj","tag-2016-05-02","tag-architektura","tag-braunschweig","tag-bsvag-braunschweig","tag-deptak","tag-gt6","tag-majowka-2016","tag-niemcy","tag-ponad-30m"],"_links":{"self":[{"href":"https:\/\/wgphoto.pl\/t\/index.php?rest_route=\/wp\/v2\/posts\/11487","targetHints":{"allow":["GET"]}}],"collection":[{"href":"https:\/\/wgphoto.pl\/t\/index.php?rest_route=\/wp\/v2\/posts"}],"about":[{"href":"https:\/\/wgphoto.pl\/t\/index.php?rest_route=\/wp\/v2\/types\/post"}],"author":[{"embeddable":true,"href":"https:\/\/wgphoto.pl\/t\/index.php?rest_route=\/wp\/v2\/users\/1"}],"replies":[{"embeddable":true,"href":"https:\/\/wgphoto.pl\/t\/index.php?rest_route=%2Fwp%2Fv2%2Fcomments&post=11487"}],"version-history":[{"count":1,"href":"https:\/\/wgphoto.pl\/t\/index.php?rest_route=\/wp\/v2\/posts\/11487\/revisions"}],"predecessor-version":[{"id":11489,"href":"https:\/\/wgphoto.pl\/t\/index.php?rest_route=\/wp\/v2\/posts\/11487\/revisions\/11489"}],"wp:featuredmedia":[{"embeddable":true,"href":"https:\/\/wgphoto.pl\/t\/index.php?rest_route=\/wp\/v2\/media\/11488"}],"wp:attachment":[{"href":"https:\/\/wgphoto.pl\/t\/index.php?rest_route=%2Fwp%2Fv2%2Fmedia&parent=11487"}],"wp:term":[{"taxonomy":"category","embeddable":true,"href":"https:\/\/wgphoto.pl\/t\/index.php?rest_route=%2Fwp%2Fv2%2Fcategories&post=11487"},{"taxonomy":"post_tag","embeddable":true,"href":"https:\/\/wgphoto.pl\/t\/index.php?rest_route=%2Fwp%2Fv2%2Ftags&post=11487"}],"curies":[{"name":"wp","href":"https:\/\/api.w.org\/{rel}","templated":true}]}}