{"id":11490,"date":"2025-02-04T21:48:26","date_gmt":"2025-02-04T20:48:26","guid":{"rendered":"https:\/\/wgphoto.pl\/t\/?p=11490"},"modified":"2025-02-04T21:48:26","modified_gmt":"2025-02-04T20:48:26","slug":"poniedzialek","status":"publish","type":"post","link":"https:\/\/wgphoto.pl\/t\/?p=11490","title":{"rendered":"Poniedzia\u0142ek"},"content":{"rendered":"\n<figure class=\"wp-block-image aligncenter size-full\"><img loading=\"lazy\" decoding=\"async\" width=\"1300\" height=\"861\" src=\"https:\/\/wgphoto.pl\/t\/wp-content\/uploads\/2025\/02\/IMGP4967.jpg\" alt=\"\" class=\"wp-image-11491\" srcset=\"https:\/\/wgphoto.pl\/t\/wp-content\/uploads\/2025\/02\/IMGP4967.jpg 1300w, https:\/\/wgphoto.pl\/t\/wp-content\/uploads\/2025\/02\/IMGP4967-300x199.jpg 300w, https:\/\/wgphoto.pl\/t\/wp-content\/uploads\/2025\/02\/IMGP4967-768x509.jpg 768w\" sizes=\"auto, (max-width: 1300px) 100vw, 1300px\" \/><\/figure>\n\n\n\n<div class=\"wp-block-group has-global-padding is-layout-constrained wp-block-group-is-layout-constrained\">\n<p>Prezentowane tu ostatnio wysokopod\u0142ogowe wagony stanowi\u0105 zdecydowan\u0105 mniejszo\u015b\u0107 taboru brunszwickich tramwaj\u00f3w, lecz skupi\u0142em si\u0119 na nich, bo rzekomo od jesieni zesz\u0142ego roku mia\u0142y ju\u017c w og\u00f3le nie je\u017adzi\u0107. Zreszt\u0105 nie bez powodu u\u0142o\u017cy\u0142em taki chytry plan, \u017ceby zawita\u0107 tutaj w poniedzia\u0142ek, gdy dwie linie je\u017cd\u017c\u0105 co 7,5 minuty, a kolejne trzy co 15 minut, gdy dla por\u00f3wnania w niedziel\u0119 (kiedy alternatywnie mog\u0142em si\u0119 tu pojawi\u0107) wszystko kursuje co p\u00f3\u0142 godziny. Wiadomo, \u017ce najwi\u0119ksze prawdopodobie\u0144stwo spotkania na mie\u015bcie tego, co jest pochowane w najdalszym k\u0105cie zajezdni, wyst\u0119puje w dzie\u0144 roboczy w szczycie. 2016-05-02<\/p>\n<\/div>\n","protected":false},"excerpt":{"rendered":"<p>Prezentowane tu ostatnio wysokopod\u0142ogowe wagony stanowi\u0105 zdecydowan\u0105 mniejszo\u015b\u0107 taboru brunszwickich tramwaj\u00f3w, lecz skupi\u0142em si\u0119 na nich, bo rzekomo od jesieni zesz\u0142ego roku mia\u0142y ju\u017c w og\u00f3le nie je\u017adzi\u0107. Zreszt\u0105 nie bez powodu u\u0142o\u017cy\u0142em taki chytry plan, \u017ceby zawita\u0107 tutaj w poniedzia\u0142ek, gdy dwie linie je\u017cd\u017c\u0105 co 7,5 minuty, a kolejne trzy co 15 minut, gdy [&hellip;]<\/p>\n","protected":false},"author":1,"featured_media":11491,"comment_status":"open","ping_status":"","sticky":false,"template":"","format":"standard","meta":{"footnotes":""},"categories":[125,3],"tags":[637,636,634,101,635,23],"class_list":["post-11490","post","type-post","status-publish","format-standard","has-post-thumbnail","hentry","category-rok-2016","category-tramwaj","tag-2016-05-02","tag-braunschweig","tag-bsvag-braunschweig","tag-gt6","tag-majowka-2016","tag-niemcy"],"_links":{"self":[{"href":"https:\/\/wgphoto.pl\/t\/index.php?rest_route=\/wp\/v2\/posts\/11490","targetHints":{"allow":["GET"]}}],"collection":[{"href":"https:\/\/wgphoto.pl\/t\/index.php?rest_route=\/wp\/v2\/posts"}],"about":[{"href":"https:\/\/wgphoto.pl\/t\/index.php?rest_route=\/wp\/v2\/types\/post"}],"author":[{"embeddable":true,"href":"https:\/\/wgphoto.pl\/t\/index.php?rest_route=\/wp\/v2\/users\/1"}],"replies":[{"embeddable":true,"href":"https:\/\/wgphoto.pl\/t\/index.php?rest_route=%2Fwp%2Fv2%2Fcomments&post=11490"}],"version-history":[{"count":1,"href":"https:\/\/wgphoto.pl\/t\/index.php?rest_route=\/wp\/v2\/posts\/11490\/revisions"}],"predecessor-version":[{"id":11492,"href":"https:\/\/wgphoto.pl\/t\/index.php?rest_route=\/wp\/v2\/posts\/11490\/revisions\/11492"}],"wp:featuredmedia":[{"embeddable":true,"href":"https:\/\/wgphoto.pl\/t\/index.php?rest_route=\/wp\/v2\/media\/11491"}],"wp:attachment":[{"href":"https:\/\/wgphoto.pl\/t\/index.php?rest_route=%2Fwp%2Fv2%2Fmedia&parent=11490"}],"wp:term":[{"taxonomy":"category","embeddable":true,"href":"https:\/\/wgphoto.pl\/t\/index.php?rest_route=%2Fwp%2Fv2%2Fcategories&post=11490"},{"taxonomy":"post_tag","embeddable":true,"href":"https:\/\/wgphoto.pl\/t\/index.php?rest_route=%2Fwp%2Fv2%2Ftags&post=11490"}],"curies":[{"name":"wp","href":"https:\/\/api.w.org\/{rel}","templated":true}]}}