{"id":11496,"date":"2025-02-04T21:50:24","date_gmt":"2025-02-04T20:50:24","guid":{"rendered":"https:\/\/wgphoto.pl\/t\/?p=11496"},"modified":"2025-02-04T21:50:24","modified_gmt":"2025-02-04T20:50:24","slug":"tramwaj-na-autostradzie","status":"publish","type":"post","link":"https:\/\/wgphoto.pl\/t\/?p=11496","title":{"rendered":"Tramwaj na autostradzie"},"content":{"rendered":"\n<figure class=\"wp-block-image aligncenter size-full\"><img loading=\"lazy\" decoding=\"async\" width=\"1300\" height=\"861\" src=\"https:\/\/wgphoto.pl\/t\/wp-content\/uploads\/2025\/02\/IMGP4766.jpg\" alt=\"\" class=\"wp-image-11497\" srcset=\"https:\/\/wgphoto.pl\/t\/wp-content\/uploads\/2025\/02\/IMGP4766.jpg 1300w, https:\/\/wgphoto.pl\/t\/wp-content\/uploads\/2025\/02\/IMGP4766-300x199.jpg 300w, https:\/\/wgphoto.pl\/t\/wp-content\/uploads\/2025\/02\/IMGP4766-768x509.jpg 768w\" sizes=\"auto, (max-width: 1300px) 100vw, 1300px\" \/><\/figure>\n\n\n\n<div class=\"wp-block-group has-global-padding is-layout-constrained wp-block-group-is-layout-constrained\">\n<p>R\u00f3wnie\u017c w Braunschweigu, podobnie jak w niedalekim Magdeburgu, Alstomy je\u017cd\u017c\u0105 w sk\u0142adach z doczepami starszej generacji, z tym \u017ce tutaj s\u0105 to pochodz\u0105ce z lat 70-tych doczepy do D\u00fcwag\u00f3w. Powy\u017cej taki sk\u0142ad opuszcza odcinek poprowadzony mi\u0119dzy jezdniami autostrady i zaraz zatrzyma si\u0119 na przystanku Sachsendamm. 2016-05-02<\/p>\n<\/div>\n","protected":false},"excerpt":{"rendered":"<p>R\u00f3wnie\u017c w Braunschweigu, podobnie jak w niedalekim Magdeburgu, Alstomy je\u017cd\u017c\u0105 w sk\u0142adach z doczepami starszej generacji, z tym \u017ce tutaj s\u0105 to pochodz\u0105ce z lat 70-tych doczepy do D\u00fcwag\u00f3w. Powy\u017cej taki sk\u0142ad opuszcza odcinek poprowadzony mi\u0119dzy jezdniami autostrady i zaraz zatrzyma si\u0119 na przystanku Sachsendamm. 2016-05-02<\/p>\n","protected":false},"author":1,"featured_media":11497,"comment_status":"open","ping_status":"","sticky":false,"template":"","format":"standard","meta":{"footnotes":""},"categories":[125,3],"tags":[637,1408,636,634,635,23,143],"class_list":["post-11496","post","type-post","status-publish","format-standard","has-post-thumbnail","hentry","category-rok-2016","category-tramwaj","tag-2016-05-02","tag-alstom-citadis200","tag-braunschweig","tag-bsvag-braunschweig","tag-majowka-2016","tag-niemcy","tag-ponad-30m"],"_links":{"self":[{"href":"https:\/\/wgphoto.pl\/t\/index.php?rest_route=\/wp\/v2\/posts\/11496","targetHints":{"allow":["GET"]}}],"collection":[{"href":"https:\/\/wgphoto.pl\/t\/index.php?rest_route=\/wp\/v2\/posts"}],"about":[{"href":"https:\/\/wgphoto.pl\/t\/index.php?rest_route=\/wp\/v2\/types\/post"}],"author":[{"embeddable":true,"href":"https:\/\/wgphoto.pl\/t\/index.php?rest_route=\/wp\/v2\/users\/1"}],"replies":[{"embeddable":true,"href":"https:\/\/wgphoto.pl\/t\/index.php?rest_route=%2Fwp%2Fv2%2Fcomments&post=11496"}],"version-history":[{"count":1,"href":"https:\/\/wgphoto.pl\/t\/index.php?rest_route=\/wp\/v2\/posts\/11496\/revisions"}],"predecessor-version":[{"id":11498,"href":"https:\/\/wgphoto.pl\/t\/index.php?rest_route=\/wp\/v2\/posts\/11496\/revisions\/11498"}],"wp:featuredmedia":[{"embeddable":true,"href":"https:\/\/wgphoto.pl\/t\/index.php?rest_route=\/wp\/v2\/media\/11497"}],"wp:attachment":[{"href":"https:\/\/wgphoto.pl\/t\/index.php?rest_route=%2Fwp%2Fv2%2Fmedia&parent=11496"}],"wp:term":[{"taxonomy":"category","embeddable":true,"href":"https:\/\/wgphoto.pl\/t\/index.php?rest_route=%2Fwp%2Fv2%2Fcategories&post=11496"},{"taxonomy":"post_tag","embeddable":true,"href":"https:\/\/wgphoto.pl\/t\/index.php?rest_route=%2Fwp%2Fv2%2Ftags&post=11496"}],"curies":[{"name":"wp","href":"https:\/\/api.w.org\/{rel}","templated":true}]}}