{"id":11499,"date":"2025-02-04T21:51:20","date_gmt":"2025-02-04T20:51:20","guid":{"rendered":"https:\/\/wgphoto.pl\/t\/?p=11499"},"modified":"2025-02-04T21:51:20","modified_gmt":"2025-02-04T20:51:20","slug":"wykorzystana-szansa","status":"publish","type":"post","link":"https:\/\/wgphoto.pl\/t\/?p=11499","title":{"rendered":"Wykorzystana szansa"},"content":{"rendered":"\n<figure class=\"wp-block-image aligncenter size-full\"><img loading=\"lazy\" decoding=\"async\" width=\"1300\" height=\"861\" src=\"https:\/\/wgphoto.pl\/t\/wp-content\/uploads\/2025\/02\/IMGP4991.jpg\" alt=\"\" class=\"wp-image-11500\" srcset=\"https:\/\/wgphoto.pl\/t\/wp-content\/uploads\/2025\/02\/IMGP4991.jpg 1300w, https:\/\/wgphoto.pl\/t\/wp-content\/uploads\/2025\/02\/IMGP4991-300x199.jpg 300w, https:\/\/wgphoto.pl\/t\/wp-content\/uploads\/2025\/02\/IMGP4991-768x509.jpg 768w\" sizes=\"auto, (max-width: 1300px) 100vw, 1300px\" \/><\/figure>\n\n\n\n<div class=\"wp-block-group has-global-padding is-layout-constrained wp-block-group-is-layout-constrained\">\n<p>Wspomniane kilka zdj\u0119\u0107 wstecz wycofanie z rynku Alstom\u00f3w serii Citadis 200 zmusi\u0142o brunszwickiego przewo\u017anika do poszukiwa\u0144 innego producenta tramwaj\u00f3w. Okazj\u0119 t\u0119 wykorzysta\u0142 podpozna\u0144ski Solaris oferuj\u0105c model podobny konstrukcyjnie do popularnych w Niemczech wagon\u00f3w GT6N oraz posiadaj\u0105cy ju\u017c pozytywne opinie z eksploatacji w Jenie. 2016-05-02<\/p>\n<\/div>\n","protected":false},"excerpt":{"rendered":"<p>Wspomniane kilka zdj\u0119\u0107 wstecz wycofanie z rynku Alstom\u00f3w serii Citadis 200 zmusi\u0142o brunszwickiego przewo\u017anika do poszukiwa\u0144 innego producenta tramwaj\u00f3w. Okazj\u0119 t\u0119 wykorzysta\u0142 podpozna\u0144ski Solaris oferuj\u0105c model podobny konstrukcyjnie do popularnych w Niemczech wagon\u00f3w GT6N oraz posiadaj\u0105cy ju\u017c pozytywne opinie z eksploatacji w Jenie. 2016-05-02<\/p>\n","protected":false},"author":1,"featured_media":11500,"comment_status":"open","ping_status":"","sticky":false,"template":"","format":"standard","meta":{"footnotes":""},"categories":[125,3],"tags":[637,636,634,635,23,237,380],"class_list":["post-11499","post","type-post","status-publish","format-standard","has-post-thumbnail","hentry","category-rok-2016","category-tramwaj","tag-2016-05-02","tag-braunschweig","tag-bsvag-braunschweig","tag-majowka-2016","tag-niemcy","tag-solaris-tramino","tag-spod-dworca"],"_links":{"self":[{"href":"https:\/\/wgphoto.pl\/t\/index.php?rest_route=\/wp\/v2\/posts\/11499","targetHints":{"allow":["GET"]}}],"collection":[{"href":"https:\/\/wgphoto.pl\/t\/index.php?rest_route=\/wp\/v2\/posts"}],"about":[{"href":"https:\/\/wgphoto.pl\/t\/index.php?rest_route=\/wp\/v2\/types\/post"}],"author":[{"embeddable":true,"href":"https:\/\/wgphoto.pl\/t\/index.php?rest_route=\/wp\/v2\/users\/1"}],"replies":[{"embeddable":true,"href":"https:\/\/wgphoto.pl\/t\/index.php?rest_route=%2Fwp%2Fv2%2Fcomments&post=11499"}],"version-history":[{"count":1,"href":"https:\/\/wgphoto.pl\/t\/index.php?rest_route=\/wp\/v2\/posts\/11499\/revisions"}],"predecessor-version":[{"id":11501,"href":"https:\/\/wgphoto.pl\/t\/index.php?rest_route=\/wp\/v2\/posts\/11499\/revisions\/11501"}],"wp:featuredmedia":[{"embeddable":true,"href":"https:\/\/wgphoto.pl\/t\/index.php?rest_route=\/wp\/v2\/media\/11500"}],"wp:attachment":[{"href":"https:\/\/wgphoto.pl\/t\/index.php?rest_route=%2Fwp%2Fv2%2Fmedia&parent=11499"}],"wp:term":[{"taxonomy":"category","embeddable":true,"href":"https:\/\/wgphoto.pl\/t\/index.php?rest_route=%2Fwp%2Fv2%2Fcategories&post=11499"},{"taxonomy":"post_tag","embeddable":true,"href":"https:\/\/wgphoto.pl\/t\/index.php?rest_route=%2Fwp%2Fv2%2Ftags&post=11499"}],"curies":[{"name":"wp","href":"https:\/\/api.w.org\/{rel}","templated":true}]}}