{"id":11502,"date":"2025-02-04T21:52:19","date_gmt":"2025-02-04T20:52:19","guid":{"rendered":"https:\/\/wgphoto.pl\/t\/?p=11502"},"modified":"2025-02-04T21:52:19","modified_gmt":"2025-02-04T20:52:19","slug":"rozowy","status":"publish","type":"post","link":"https:\/\/wgphoto.pl\/t\/?p=11502","title":{"rendered":"R\u00f3\u017cowy"},"content":{"rendered":"\n<figure class=\"wp-block-image aligncenter size-full\"><img loading=\"lazy\" decoding=\"async\" width=\"1300\" height=\"861\" src=\"https:\/\/wgphoto.pl\/t\/wp-content\/uploads\/2025\/02\/IMGP4781.jpg\" alt=\"\" class=\"wp-image-11503\" srcset=\"https:\/\/wgphoto.pl\/t\/wp-content\/uploads\/2025\/02\/IMGP4781.jpg 1300w, https:\/\/wgphoto.pl\/t\/wp-content\/uploads\/2025\/02\/IMGP4781-300x199.jpg 300w, https:\/\/wgphoto.pl\/t\/wp-content\/uploads\/2025\/02\/IMGP4781-768x509.jpg 768w\" sizes=\"auto, (max-width: 1300px) 100vw, 1300px\" \/><\/figure>\n\n\n\n<div class=\"wp-block-group has-global-padding is-layout-constrained wp-block-group-is-layout-constrained\">\n<p>Braunschweig, Bohlweg. Przedstawiciel najstarszej serii niskopod\u0142ogowc\u00f3w, licz\u0105cy sobie ju\u017c 21 lat, z\u0142apany na g\u0142\u00f3wnej trasie tramwajowej przez centrum, wykorzystywanej przez 4 z 5 tutejszych linii tramwajowych. To ju\u017c komplet licznych typ\u00f3w taboru tramwajowego eksploatowanego na tej niewielkiej sieci. Mam jeszcze sporo klatek wartych imho uwagi, ale mo\u017ce doko\u0144cz\u0119 t\u0119 &#8222;fotonowel\u0119&#8221; innym razem. \ud83d\ude09 2016-05-02<\/p>\n<\/div>\n","protected":false},"excerpt":{"rendered":"<p>Braunschweig, Bohlweg. Przedstawiciel najstarszej serii niskopod\u0142ogowc\u00f3w, licz\u0105cy sobie ju\u017c 21 lat, z\u0142apany na g\u0142\u00f3wnej trasie tramwajowej przez centrum, wykorzystywanej przez 4 z 5 tutejszych linii tramwajowych. To ju\u017c komplet licznych typ\u00f3w taboru tramwajowego eksploatowanego na tej niewielkiej sieci. Mam jeszcze sporo klatek wartych imho uwagi, ale mo\u017ce doko\u0144cz\u0119 t\u0119 &#8222;fotonowel\u0119&#8221; innym razem. \ud83d\ude09 2016-05-02<\/p>\n","protected":false},"author":1,"featured_media":11503,"comment_status":"open","ping_status":"","sticky":false,"template":"","format":"standard","meta":{"footnotes":""},"categories":[125,3],"tags":[637,34,636,634,1265,635,23],"class_list":["post-11502","post","type-post","status-publish","format-standard","has-post-thumbnail","hentry","category-rok-2016","category-tramwaj","tag-2016-05-02","tag-architektura","tag-braunschweig","tag-bsvag-braunschweig","tag-gtxn","tag-majowka-2016","tag-niemcy"],"_links":{"self":[{"href":"https:\/\/wgphoto.pl\/t\/index.php?rest_route=\/wp\/v2\/posts\/11502","targetHints":{"allow":["GET"]}}],"collection":[{"href":"https:\/\/wgphoto.pl\/t\/index.php?rest_route=\/wp\/v2\/posts"}],"about":[{"href":"https:\/\/wgphoto.pl\/t\/index.php?rest_route=\/wp\/v2\/types\/post"}],"author":[{"embeddable":true,"href":"https:\/\/wgphoto.pl\/t\/index.php?rest_route=\/wp\/v2\/users\/1"}],"replies":[{"embeddable":true,"href":"https:\/\/wgphoto.pl\/t\/index.php?rest_route=%2Fwp%2Fv2%2Fcomments&post=11502"}],"version-history":[{"count":1,"href":"https:\/\/wgphoto.pl\/t\/index.php?rest_route=\/wp\/v2\/posts\/11502\/revisions"}],"predecessor-version":[{"id":11504,"href":"https:\/\/wgphoto.pl\/t\/index.php?rest_route=\/wp\/v2\/posts\/11502\/revisions\/11504"}],"wp:featuredmedia":[{"embeddable":true,"href":"https:\/\/wgphoto.pl\/t\/index.php?rest_route=\/wp\/v2\/media\/11503"}],"wp:attachment":[{"href":"https:\/\/wgphoto.pl\/t\/index.php?rest_route=%2Fwp%2Fv2%2Fmedia&parent=11502"}],"wp:term":[{"taxonomy":"category","embeddable":true,"href":"https:\/\/wgphoto.pl\/t\/index.php?rest_route=%2Fwp%2Fv2%2Fcategories&post=11502"},{"taxonomy":"post_tag","embeddable":true,"href":"https:\/\/wgphoto.pl\/t\/index.php?rest_route=%2Fwp%2Fv2%2Ftags&post=11502"}],"curies":[{"name":"wp","href":"https:\/\/api.w.org\/{rel}","templated":true}]}}