{"id":11505,"date":"2025-02-04T21:53:25","date_gmt":"2025-02-04T20:53:25","guid":{"rendered":"https:\/\/wgphoto.pl\/t\/?p=11505"},"modified":"2025-02-04T21:53:25","modified_gmt":"2025-02-04T20:53:25","slug":"zolty-3","status":"publish","type":"post","link":"https:\/\/wgphoto.pl\/t\/?p=11505","title":{"rendered":"\u017b\u00f3\u0142ty"},"content":{"rendered":"\n<figure class=\"wp-block-image aligncenter size-full\"><img loading=\"lazy\" decoding=\"async\" width=\"600\" height=\"1000\" src=\"https:\/\/wgphoto.pl\/t\/wp-content\/uploads\/2025\/02\/IMGP4919.jpg\" alt=\"\" class=\"wp-image-11507\" srcset=\"https:\/\/wgphoto.pl\/t\/wp-content\/uploads\/2025\/02\/IMGP4919.jpg 600w, https:\/\/wgphoto.pl\/t\/wp-content\/uploads\/2025\/02\/IMGP4919-180x300.jpg 180w\" sizes=\"auto, (max-width: 600px) 100vw, 600px\" \/><\/figure>\n\n\n\n<div class=\"wp-block-group has-global-padding is-layout-constrained wp-block-group-is-layout-constrained\">\n<p>No dobra, \u017cartowa\u0142em. Wrzucam jeszcze &#8222;\u017c\u00f3\u0142tego&#8221; w uj\u0119ciu, kt\u00f3re ju\u017c tu zaistnia\u0142o, lecz par\u0119 godzin po jego wykonaniu okaza\u0142o si\u0119, \u017ce \u015bwiat\u0142o mo\u017ce by\u0107 w takim kadrze jeszcze korzystniejsze. 02.05.2016<\/p>\n<\/div>\n","protected":false},"excerpt":{"rendered":"<p>No dobra, \u017cartowa\u0142em. Wrzucam jeszcze &#8222;\u017c\u00f3\u0142tego&#8221; w uj\u0119ciu, kt\u00f3re ju\u017c tu zaistnia\u0142o, lecz par\u0119 godzin po jego wykonaniu okaza\u0142o si\u0119, \u017ce \u015bwiat\u0142o mo\u017ce by\u0107 w takim kadrze jeszcze korzystniejsze. 02.05.2016<\/p>\n","protected":false},"author":1,"featured_media":11507,"comment_status":"open","ping_status":"","sticky":false,"template":"","format":"standard","meta":{"footnotes":""},"categories":[128,125,3],"tags":[637,34,636,634,239,1265,635,23],"class_list":["post-11505","post","type-post","status-publish","format-standard","has-post-thumbnail","hentry","category-pionowe","category-rok-2016","category-tramwaj","tag-2016-05-02","tag-architektura","tag-braunschweig","tag-bsvag-braunschweig","tag-deptak","tag-gtxn","tag-majowka-2016","tag-niemcy"],"_links":{"self":[{"href":"https:\/\/wgphoto.pl\/t\/index.php?rest_route=\/wp\/v2\/posts\/11505","targetHints":{"allow":["GET"]}}],"collection":[{"href":"https:\/\/wgphoto.pl\/t\/index.php?rest_route=\/wp\/v2\/posts"}],"about":[{"href":"https:\/\/wgphoto.pl\/t\/index.php?rest_route=\/wp\/v2\/types\/post"}],"author":[{"embeddable":true,"href":"https:\/\/wgphoto.pl\/t\/index.php?rest_route=\/wp\/v2\/users\/1"}],"replies":[{"embeddable":true,"href":"https:\/\/wgphoto.pl\/t\/index.php?rest_route=%2Fwp%2Fv2%2Fcomments&post=11505"}],"version-history":[{"count":1,"href":"https:\/\/wgphoto.pl\/t\/index.php?rest_route=\/wp\/v2\/posts\/11505\/revisions"}],"predecessor-version":[{"id":11508,"href":"https:\/\/wgphoto.pl\/t\/index.php?rest_route=\/wp\/v2\/posts\/11505\/revisions\/11508"}],"wp:featuredmedia":[{"embeddable":true,"href":"https:\/\/wgphoto.pl\/t\/index.php?rest_route=\/wp\/v2\/media\/11507"}],"wp:attachment":[{"href":"https:\/\/wgphoto.pl\/t\/index.php?rest_route=%2Fwp%2Fv2%2Fmedia&parent=11505"}],"wp:term":[{"taxonomy":"category","embeddable":true,"href":"https:\/\/wgphoto.pl\/t\/index.php?rest_route=%2Fwp%2Fv2%2Fcategories&post=11505"},{"taxonomy":"post_tag","embeddable":true,"href":"https:\/\/wgphoto.pl\/t\/index.php?rest_route=%2Fwp%2Fv2%2Ftags&post=11505"}],"curies":[{"name":"wp","href":"https:\/\/api.w.org\/{rel}","templated":true}]}}