{"id":11509,"date":"2025-02-04T21:54:26","date_gmt":"2025-02-04T20:54:26","guid":{"rendered":"https:\/\/wgphoto.pl\/t\/?p=11509"},"modified":"2025-02-04T21:54:26","modified_gmt":"2025-02-04T20:54:26","slug":"gt6m-nr-912","status":"publish","type":"post","link":"https:\/\/wgphoto.pl\/t\/?p=11509","title":{"rendered":"GT6M nr 912"},"content":{"rendered":"\n<figure class=\"wp-block-image aligncenter size-full\"><img loading=\"lazy\" decoding=\"async\" width=\"1200\" height=\"800\" src=\"https:\/\/wgphoto.pl\/t\/wp-content\/uploads\/2025\/02\/IMGP9835.jpg\" alt=\"\" class=\"wp-image-11510\" srcset=\"https:\/\/wgphoto.pl\/t\/wp-content\/uploads\/2025\/02\/IMGP9835.jpg 1200w, https:\/\/wgphoto.pl\/t\/wp-content\/uploads\/2025\/02\/IMGP9835-300x200.jpg 300w, https:\/\/wgphoto.pl\/t\/wp-content\/uploads\/2025\/02\/IMGP9835-768x512.jpg 768w\" sizes=\"auto, (max-width: 1200px) 100vw, 1200px\" \/><\/figure>\n\n\n\n<div class=\"wp-block-group has-global-padding is-layout-constrained wp-block-group-is-layout-constrained\">\n<p>Zwickau, Leipziger Stra\u00dfe. Niskopod\u0142ogowiec produkcji ADtranz w wariancie na 1000 mm, bez os\u0142ony na dachu i z pantografem z ty\u0142u, nie wiedzie\u0107 czemu szczeg\u00f3lnie popularnym w ma\u0142ych miastach, takich jak Zwickau czy Frankfurt nad Odr\u0105. 2009-09-11<\/p>\n<\/div>\n","protected":false},"excerpt":{"rendered":"<p>Zwickau, Leipziger Stra\u00dfe. Niskopod\u0142ogowiec produkcji ADtranz w wariancie na 1000 mm, bez os\u0142ony na dachu i z pantografem z ty\u0142u, nie wiedzie\u0107 czemu szczeg\u00f3lnie popularnym w ma\u0142ych miastach, takich jak Zwickau czy Frankfurt nad Odr\u0105. 2009-09-11<\/p>\n","protected":false},"author":1,"featured_media":11510,"comment_status":"open","ping_status":"","sticky":false,"template":"","format":"standard","meta":{"footnotes":""},"categories":[169,3],"tags":[1334,1265,23,1335,1332],"class_list":["post-11509","post","type-post","status-publish","format-standard","has-post-thumbnail","hentry","category-rok-2009","category-tramwaj","tag-2009-09-11","tag-gtxn","tag-niemcy","tag-svz-zwickau","tag-zwickau"],"_links":{"self":[{"href":"https:\/\/wgphoto.pl\/t\/index.php?rest_route=\/wp\/v2\/posts\/11509","targetHints":{"allow":["GET"]}}],"collection":[{"href":"https:\/\/wgphoto.pl\/t\/index.php?rest_route=\/wp\/v2\/posts"}],"about":[{"href":"https:\/\/wgphoto.pl\/t\/index.php?rest_route=\/wp\/v2\/types\/post"}],"author":[{"embeddable":true,"href":"https:\/\/wgphoto.pl\/t\/index.php?rest_route=\/wp\/v2\/users\/1"}],"replies":[{"embeddable":true,"href":"https:\/\/wgphoto.pl\/t\/index.php?rest_route=%2Fwp%2Fv2%2Fcomments&post=11509"}],"version-history":[{"count":1,"href":"https:\/\/wgphoto.pl\/t\/index.php?rest_route=\/wp\/v2\/posts\/11509\/revisions"}],"predecessor-version":[{"id":11511,"href":"https:\/\/wgphoto.pl\/t\/index.php?rest_route=\/wp\/v2\/posts\/11509\/revisions\/11511"}],"wp:featuredmedia":[{"embeddable":true,"href":"https:\/\/wgphoto.pl\/t\/index.php?rest_route=\/wp\/v2\/media\/11510"}],"wp:attachment":[{"href":"https:\/\/wgphoto.pl\/t\/index.php?rest_route=%2Fwp%2Fv2%2Fmedia&parent=11509"}],"wp:term":[{"taxonomy":"category","embeddable":true,"href":"https:\/\/wgphoto.pl\/t\/index.php?rest_route=%2Fwp%2Fv2%2Fcategories&post=11509"},{"taxonomy":"post_tag","embeddable":true,"href":"https:\/\/wgphoto.pl\/t\/index.php?rest_route=%2Fwp%2Fv2%2Ftags&post=11509"}],"curies":[{"name":"wp","href":"https:\/\/api.w.org\/{rel}","templated":true}]}}