{"id":11534,"date":"2025-02-07T18:02:03","date_gmt":"2025-02-07T17:02:03","guid":{"rendered":"https:\/\/wgphoto.pl\/t\/?p=11534"},"modified":"2025-02-07T18:02:03","modified_gmt":"2025-02-07T17:02:03","slug":"vladislav-na-biegu","status":"publish","type":"post","link":"https:\/\/wgphoto.pl\/t\/?p=11534","title":{"rendered":"Vladislav na biegu"},"content":{"rendered":"\n<figure class=\"wp-block-image aligncenter size-full\"><img loading=\"lazy\" decoding=\"async\" width=\"1200\" height=\"800\" src=\"https:\/\/wgphoto.pl\/t\/wp-content\/uploads\/2025\/02\/IMGP8006.jpg\" alt=\"\" class=\"wp-image-11535\" srcset=\"https:\/\/wgphoto.pl\/t\/wp-content\/uploads\/2025\/02\/IMGP8006.jpg 1200w, https:\/\/wgphoto.pl\/t\/wp-content\/uploads\/2025\/02\/IMGP8006-300x200.jpg 300w, https:\/\/wgphoto.pl\/t\/wp-content\/uploads\/2025\/02\/IMGP8006-768x512.jpg 768w\" sizes=\"auto, (max-width: 1200px) 100vw, 1200px\" \/><\/figure>\n\n\n\n<div class=\"wp-block-group has-global-padding is-layout-constrained wp-block-group-is-layout-constrained\">\n<p>Dy\u017curny ruchu na stacji Vladislav obserwuje przejazd poci\u0105gu pospiesznego 665 &#8222;Jakub Kr\u010d\u00edn&#8221; z Pilzna do Brna. Bezprzedzia\u0142owy wagon jad\u0105cy za lokomotyw\u0105 musia\u0142 zosta\u0107 w\u0142\u0105czony jako podsy\u0142, zapewne przy okazji zmiany czo\u0142a i lokomotywy w Jihlavie. 16.09.2010<\/p>\n<\/div>\n","protected":false},"excerpt":{"rendered":"<p>Dy\u017curny ruchu na stacji Vladislav obserwuje przejazd poci\u0105gu pospiesznego 665 &#8222;Jakub Kr\u010d\u00edn&#8221; z Pilzna do Brna. Bezprzedzia\u0142owy wagon jad\u0105cy za lokomotyw\u0105 musia\u0142 zosta\u0107 w\u0142\u0105czony jako podsy\u0142, zapewne przy okazji zmiany czo\u0142a i lokomotywy w Jihlavie. 16.09.2010<\/p>\n","protected":false},"author":1,"featured_media":11535,"comment_status":"open","ping_status":"","sticky":false,"template":"","format":"standard","meta":{"footnotes":""},"categories":[2,86],"tags":[3115,335,50,49,313,1354,1353],"class_list":["post-11534","post","type-post","status-publish","format-standard","has-post-thumbnail","hentry","category-kolej","category-rok-2010","tag-2010-09-16","tag-335","tag-cd","tag-czechy","tag-dyzurny","tag-tab-cz240","tag-vladislav"],"_links":{"self":[{"href":"https:\/\/wgphoto.pl\/t\/index.php?rest_route=\/wp\/v2\/posts\/11534","targetHints":{"allow":["GET"]}}],"collection":[{"href":"https:\/\/wgphoto.pl\/t\/index.php?rest_route=\/wp\/v2\/posts"}],"about":[{"href":"https:\/\/wgphoto.pl\/t\/index.php?rest_route=\/wp\/v2\/types\/post"}],"author":[{"embeddable":true,"href":"https:\/\/wgphoto.pl\/t\/index.php?rest_route=\/wp\/v2\/users\/1"}],"replies":[{"embeddable":true,"href":"https:\/\/wgphoto.pl\/t\/index.php?rest_route=%2Fwp%2Fv2%2Fcomments&post=11534"}],"version-history":[{"count":1,"href":"https:\/\/wgphoto.pl\/t\/index.php?rest_route=\/wp\/v2\/posts\/11534\/revisions"}],"predecessor-version":[{"id":11536,"href":"https:\/\/wgphoto.pl\/t\/index.php?rest_route=\/wp\/v2\/posts\/11534\/revisions\/11536"}],"wp:featuredmedia":[{"embeddable":true,"href":"https:\/\/wgphoto.pl\/t\/index.php?rest_route=\/wp\/v2\/media\/11535"}],"wp:attachment":[{"href":"https:\/\/wgphoto.pl\/t\/index.php?rest_route=%2Fwp%2Fv2%2Fmedia&parent=11534"}],"wp:term":[{"taxonomy":"category","embeddable":true,"href":"https:\/\/wgphoto.pl\/t\/index.php?rest_route=%2Fwp%2Fv2%2Fcategories&post=11534"},{"taxonomy":"post_tag","embeddable":true,"href":"https:\/\/wgphoto.pl\/t\/index.php?rest_route=%2Fwp%2Fv2%2Ftags&post=11534"}],"curies":[{"name":"wp","href":"https:\/\/api.w.org\/{rel}","templated":true}]}}