{"id":11537,"date":"2025-02-07T18:03:09","date_gmt":"2025-02-07T17:03:09","guid":{"rendered":"https:\/\/wgphoto.pl\/t\/?p=11537"},"modified":"2025-02-07T18:03:09","modified_gmt":"2025-02-07T17:03:09","slug":"kolejowy-koniec-swiata-od-1945-roku","status":"publish","type":"post","link":"https:\/\/wgphoto.pl\/t\/?p=11537","title":{"rendered":"Kolejowy koniec \u015bwiata od 1945 roku"},"content":{"rendered":"\n<figure class=\"wp-block-image aligncenter size-full\"><img loading=\"lazy\" decoding=\"async\" width=\"1200\" height=\"800\" src=\"https:\/\/wgphoto.pl\/t\/wp-content\/uploads\/2025\/02\/IMGP7975.jpg\" alt=\"\" class=\"wp-image-11538\" srcset=\"https:\/\/wgphoto.pl\/t\/wp-content\/uploads\/2025\/02\/IMGP7975.jpg 1200w, https:\/\/wgphoto.pl\/t\/wp-content\/uploads\/2025\/02\/IMGP7975-300x200.jpg 300w, https:\/\/wgphoto.pl\/t\/wp-content\/uploads\/2025\/02\/IMGP7975-768x512.jpg 768w\" sizes=\"auto, (max-width: 1200px) 100vw, 1200px\" \/><\/figure>\n\n\n\n<div class=\"wp-block-group has-global-padding is-layout-constrained wp-block-group-is-layout-constrained\">\n<p>Motorak z doczep\u0105 po liftingu, zwany obecnie 814.069, obs\u0142uguj\u0105c kurs 28343 z Tel\u010de sko\u0144czy\u0142 bieg na stacji Slavonice, na kt\u00f3rej &#8211; nie wiedzie\u0107 po co &#8211; wybudowano wysoki peron o d\u0142ugo\u015bci wielokrotnie przewy\u017cszaj\u0105cej d\u0142ugo\u015b\u0107 docieraj\u0105cych tu poci\u0105g\u00f3w pasa\u017cerskich. Trasa prowadz\u0105ca na ten &#8222;koniec \u015bwiata&#8221; nie jest d\u0142uga &#8211; to tylko 53 km z Kostelce u Jihlavy &#8211; ale z uwagi na dodatkowe atrakcje spowodowane przecinaniem granicy wojew\u00f3dztw (niczym granicy pa\u0144stwowej) jej zaliczenie jest dosy\u0107 czasoch\u0142onne.<br><br>Linia kolejowa ko\u0144czy si\u0119 w Slavonicich (po czesku m\u00f3wi si\u0119 paskudnie ve Slavonicich) od 1945 roku. Wcze\u015bniej mo\u017cna by\u0142o st\u0105d dotrze\u0107 do austriackiej miejscowo\u015bci Waldkirchen a.d. Thaya. 16.09.2010<\/p>\n<\/div>\n","protected":false},"excerpt":{"rendered":"<p>Motorak z doczep\u0105 po liftingu, zwany obecnie 814.069, obs\u0142uguj\u0105c kurs 28343 z Tel\u010de sko\u0144czy\u0142 bieg na stacji Slavonice, na kt\u00f3rej &#8211; nie wiedzie\u0107 po co &#8211; wybudowano wysoki peron o d\u0142ugo\u015bci wielokrotnie przewy\u017cszaj\u0105cej d\u0142ugo\u015b\u0107 docieraj\u0105cych tu poci\u0105g\u00f3w pasa\u017cerskich. Trasa prowadz\u0105ca na ten &#8222;koniec \u015bwiata&#8221; nie jest d\u0142uga &#8211; to tylko 53 km z Kostelce u [&hellip;]<\/p>\n","protected":false},"author":1,"featured_media":11538,"comment_status":"open","ping_status":"","sticky":false,"template":"","format":"standard","meta":{"footnotes":""},"categories":[2,86],"tags":[3115,211,50,49,94,3117,3118],"class_list":["post-11537","post","type-post","status-publish","format-standard","has-post-thumbnail","hentry","category-kolej","category-rok-2010","tag-2010-09-16","tag-211","tag-cd","tag-czechy","tag-na-kolejowym-koncu-swiata","tag-slavonice","tag-tab-cz227"],"_links":{"self":[{"href":"https:\/\/wgphoto.pl\/t\/index.php?rest_route=\/wp\/v2\/posts\/11537","targetHints":{"allow":["GET"]}}],"collection":[{"href":"https:\/\/wgphoto.pl\/t\/index.php?rest_route=\/wp\/v2\/posts"}],"about":[{"href":"https:\/\/wgphoto.pl\/t\/index.php?rest_route=\/wp\/v2\/types\/post"}],"author":[{"embeddable":true,"href":"https:\/\/wgphoto.pl\/t\/index.php?rest_route=\/wp\/v2\/users\/1"}],"replies":[{"embeddable":true,"href":"https:\/\/wgphoto.pl\/t\/index.php?rest_route=%2Fwp%2Fv2%2Fcomments&post=11537"}],"version-history":[{"count":1,"href":"https:\/\/wgphoto.pl\/t\/index.php?rest_route=\/wp\/v2\/posts\/11537\/revisions"}],"predecessor-version":[{"id":11539,"href":"https:\/\/wgphoto.pl\/t\/index.php?rest_route=\/wp\/v2\/posts\/11537\/revisions\/11539"}],"wp:featuredmedia":[{"embeddable":true,"href":"https:\/\/wgphoto.pl\/t\/index.php?rest_route=\/wp\/v2\/media\/11538"}],"wp:attachment":[{"href":"https:\/\/wgphoto.pl\/t\/index.php?rest_route=%2Fwp%2Fv2%2Fmedia&parent=11537"}],"wp:term":[{"taxonomy":"category","embeddable":true,"href":"https:\/\/wgphoto.pl\/t\/index.php?rest_route=%2Fwp%2Fv2%2Fcategories&post=11537"},{"taxonomy":"post_tag","embeddable":true,"href":"https:\/\/wgphoto.pl\/t\/index.php?rest_route=%2Fwp%2Fv2%2Ftags&post=11537"}],"curies":[{"name":"wp","href":"https:\/\/api.w.org\/{rel}","templated":true}]}}