{"id":11540,"date":"2025-02-07T18:04:19","date_gmt":"2025-02-07T17:04:19","guid":{"rendered":"https:\/\/wgphoto.pl\/t\/?p=11540"},"modified":"2025-02-07T18:04:19","modified_gmt":"2025-02-07T17:04:19","slug":"przerwa-sniadaniowa","status":"publish","type":"post","link":"https:\/\/wgphoto.pl\/t\/?p=11540","title":{"rendered":"Przerwa \u015bniadaniowa"},"content":{"rendered":"\n<figure class=\"wp-block-image aligncenter size-full\"><img loading=\"lazy\" decoding=\"async\" width=\"1200\" height=\"800\" src=\"https:\/\/wgphoto.pl\/t\/wp-content\/uploads\/2025\/02\/IMGP7971.jpg\" alt=\"\" class=\"wp-image-11541\" srcset=\"https:\/\/wgphoto.pl\/t\/wp-content\/uploads\/2025\/02\/IMGP7971.jpg 1200w, https:\/\/wgphoto.pl\/t\/wp-content\/uploads\/2025\/02\/IMGP7971-300x200.jpg 300w, https:\/\/wgphoto.pl\/t\/wp-content\/uploads\/2025\/02\/IMGP7971-768x512.jpg 768w\" sizes=\"auto, (max-width: 1200px) 100vw, 1200px\" \/><\/figure>\n\n\n\n<div class=\"wp-block-group has-global-padding is-layout-constrained wp-block-group-is-layout-constrained\">\n<p>Poci\u0105g 28307 z Kostelce u Jihlavy sko\u0144czy\u0142 bieg na stacji w powiatowym mie\u015bcie Tel\u010d, po\u0142o\u017conym mniej wi\u0119cej w po\u0142owie linii kolejowej Kostelec u Jihlavy &#8211; Slavonice, w pobli\u017cu granicy wojew\u00f3dztw Vyso\u010dina i po\u0142udniowoczeskiego. O tej porze w dni robocze poci\u0105g ten odbywa tutaj 41-minutowy post\u00f3j i po zmianie numeru udaje si\u0119 w dalsz\u0105 drog\u0119 (najwyra\u017aniej organizatorzy transportu obu wojew\u00f3dztw maj\u0105 odno\u015bnie tego kursu odmienne oczekiwania), natomiast w \u0142ykendy mo\u017cna pojecha\u0107 do Slavonic bez zb\u0119dnych przestoj\u00f3w. Dlaczego akurat w przyk\u0142adowy czwartek poci\u0105g musi odje\u017cd\u017ca\u0107 dok\u0142adnie o 9:37 (nie jest z niczym skomunikowany), a nie o 9:03, jak to ma miejsce na przyk\u0142ad w sobot\u0119 &#8211; nie mam poj\u0119cia. Mo\u017ce wszyscy codziennie &#8211; tak jak ja tego s\u0142onecznego poranka &#8211; odwiedzaj\u0105 pobliskiego lidla z zamiarem zakupu \u015bwie\u017cych rohlik\u00f3w na \u015bniadanie. \ud83d\ude09<br><br>Dwa s\u0142owa nale\u017c\u0105 si\u0119 przestrzeni przeznaczonej na tym dworcu dla pasa\u017cer\u00f3w. Budynek zosta\u0142 gustownie wyremontowany, a w jego bezpo\u015brednim s\u0105siedztwie (za widoczn\u0105 barierk\u0105, w miejscu, gdzie kiedy\u015b pewnie znajdowa\u0142a si\u0119 w najlepszym wypadku rampa \u0142adunkowa) ulokowano kilka stanowisk dla autobus\u00f3w. Tym prostym zabiegiem powsta\u0142 pi\u0119kny w\u0119ze\u0142 przesiadkowy. Szkoda tylko, \u017ce zabrak\u0142o ch\u0119ci, \u017ceby chocia\u017c wykosi\u0107 torowisko, no ale na funkcjonalno\u015b\u0107 to w \u017caden spos\u00f3b nie wp\u0142ywa, a to ona jest tutaj najwa\u017cniejsza. 16.09.2010<\/p>\n<\/div>\n","protected":false},"excerpt":{"rendered":"<p>Poci\u0105g 28307 z Kostelce u Jihlavy sko\u0144czy\u0142 bieg na stacji w powiatowym mie\u015bcie Tel\u010d, po\u0142o\u017conym mniej wi\u0119cej w po\u0142owie linii kolejowej Kostelec u Jihlavy &#8211; Slavonice, w pobli\u017cu granicy wojew\u00f3dztw Vyso\u010dina i po\u0142udniowoczeskiego. O tej porze w dni robocze poci\u0105g ten odbywa tutaj 41-minutowy post\u00f3j i po zmianie numeru udaje si\u0119 w dalsz\u0105 drog\u0119 (najwyra\u017aniej [&hellip;]<\/p>\n","protected":false},"author":1,"featured_media":11541,"comment_status":"open","ping_status":"","sticky":false,"template":"","format":"standard","meta":{"footnotes":""},"categories":[2,86],"tags":[3115,211,50,49,196,3118,3119],"class_list":["post-11540","post","type-post","status-publish","format-standard","has-post-thumbnail","hentry","category-kolej","category-rok-2010","tag-2010-09-16","tag-211","tag-cd","tag-czechy","tag-linie-raczej-lokalne","tag-tab-cz227","tag-telc"],"_links":{"self":[{"href":"https:\/\/wgphoto.pl\/t\/index.php?rest_route=\/wp\/v2\/posts\/11540","targetHints":{"allow":["GET"]}}],"collection":[{"href":"https:\/\/wgphoto.pl\/t\/index.php?rest_route=\/wp\/v2\/posts"}],"about":[{"href":"https:\/\/wgphoto.pl\/t\/index.php?rest_route=\/wp\/v2\/types\/post"}],"author":[{"embeddable":true,"href":"https:\/\/wgphoto.pl\/t\/index.php?rest_route=\/wp\/v2\/users\/1"}],"replies":[{"embeddable":true,"href":"https:\/\/wgphoto.pl\/t\/index.php?rest_route=%2Fwp%2Fv2%2Fcomments&post=11540"}],"version-history":[{"count":1,"href":"https:\/\/wgphoto.pl\/t\/index.php?rest_route=\/wp\/v2\/posts\/11540\/revisions"}],"predecessor-version":[{"id":11542,"href":"https:\/\/wgphoto.pl\/t\/index.php?rest_route=\/wp\/v2\/posts\/11540\/revisions\/11542"}],"wp:featuredmedia":[{"embeddable":true,"href":"https:\/\/wgphoto.pl\/t\/index.php?rest_route=\/wp\/v2\/media\/11541"}],"wp:attachment":[{"href":"https:\/\/wgphoto.pl\/t\/index.php?rest_route=%2Fwp%2Fv2%2Fmedia&parent=11540"}],"wp:term":[{"taxonomy":"category","embeddable":true,"href":"https:\/\/wgphoto.pl\/t\/index.php?rest_route=%2Fwp%2Fv2%2Fcategories&post=11540"},{"taxonomy":"post_tag","embeddable":true,"href":"https:\/\/wgphoto.pl\/t\/index.php?rest_route=%2Fwp%2Fv2%2Ftags&post=11540"}],"curies":[{"name":"wp","href":"https:\/\/api.w.org\/{rel}","templated":true}]}}