{"id":11547,"date":"2025-02-07T18:15:44","date_gmt":"2025-02-07T17:15:44","guid":{"rendered":"https:\/\/wgphoto.pl\/t\/?p=11547"},"modified":"2025-02-07T18:15:44","modified_gmt":"2025-02-07T17:15:44","slug":"dwa-zolte-czola","status":"publish","type":"post","link":"https:\/\/wgphoto.pl\/t\/?p=11547","title":{"rendered":"Dwa \u017c\u00f3\u0142te czo\u0142a"},"content":{"rendered":"\n<figure class=\"wp-block-image aligncenter size-full\"><img loading=\"lazy\" decoding=\"async\" width=\"1200\" height=\"803\" src=\"https:\/\/wgphoto.pl\/t\/wp-content\/uploads\/2025\/02\/IMGP9315.jpg\" alt=\"\" class=\"wp-image-11548\" srcset=\"https:\/\/wgphoto.pl\/t\/wp-content\/uploads\/2025\/02\/IMGP9315.jpg 1200w, https:\/\/wgphoto.pl\/t\/wp-content\/uploads\/2025\/02\/IMGP9315-300x201.jpg 300w, https:\/\/wgphoto.pl\/t\/wp-content\/uploads\/2025\/02\/IMGP9315-768x514.jpg 768w\" sizes=\"auto, (max-width: 1200px) 100vw, 1200px\" \/><\/figure>\n\n\n\n<div class=\"wp-block-group has-global-padding is-layout-constrained wp-block-group-is-layout-constrained\">\n<p>Poranny poci\u0105g osobowy do Kl\u00e1\u0161terce nad Oh\u0159\u00ed oczekuje pory odjazdu z Chebu. Taki peronowy knotek, ale wrzucam ze wzgl\u0119du na symetryczny numer lokomotywy (pomin\u0105wszy cyfr\u0119 kontroln\u0105), mi\u0142o\u015bnicy peronowych w\u00f3zk\u00f3w akumulatorowych te\u017c maj\u0105 na czym zawiesi\u0107 oko. \ud83d\ude09 2009-09-08<\/p>\n<\/div>\n","protected":false},"excerpt":{"rendered":"<p>Poranny poci\u0105g osobowy do Kl\u00e1\u0161terce nad Oh\u0159\u00ed oczekuje pory odjazdu z Chebu. Taki peronowy knotek, ale wrzucam ze wzgl\u0119du na symetryczny numer lokomotywy (pomin\u0105wszy cyfr\u0119 kontroln\u0105), mi\u0142o\u015bnicy peronowych w\u00f3zk\u00f3w akumulatorowych te\u017c maj\u0105 na czym zawiesi\u0107 oko. \ud83d\ude09 2009-09-08<\/p>\n","protected":false},"author":1,"featured_media":11548,"comment_status":"open","ping_status":"","sticky":false,"template":"","format":"standard","meta":{"footnotes":""},"categories":[2,169],"tags":[731,305,50,1645,49,154,24,421],"class_list":["post-11547","post","type-post","status-publish","format-standard","has-post-thumbnail","hentry","category-kolej","category-rok-2009","tag-2009-09-08","tag-305","tag-cd","tag-cheb","tag-czechy","tag-noc","tag-perony","tag-tab-cz140"],"_links":{"self":[{"href":"https:\/\/wgphoto.pl\/t\/index.php?rest_route=\/wp\/v2\/posts\/11547","targetHints":{"allow":["GET"]}}],"collection":[{"href":"https:\/\/wgphoto.pl\/t\/index.php?rest_route=\/wp\/v2\/posts"}],"about":[{"href":"https:\/\/wgphoto.pl\/t\/index.php?rest_route=\/wp\/v2\/types\/post"}],"author":[{"embeddable":true,"href":"https:\/\/wgphoto.pl\/t\/index.php?rest_route=\/wp\/v2\/users\/1"}],"replies":[{"embeddable":true,"href":"https:\/\/wgphoto.pl\/t\/index.php?rest_route=%2Fwp%2Fv2%2Fcomments&post=11547"}],"version-history":[{"count":1,"href":"https:\/\/wgphoto.pl\/t\/index.php?rest_route=\/wp\/v2\/posts\/11547\/revisions"}],"predecessor-version":[{"id":11549,"href":"https:\/\/wgphoto.pl\/t\/index.php?rest_route=\/wp\/v2\/posts\/11547\/revisions\/11549"}],"wp:featuredmedia":[{"embeddable":true,"href":"https:\/\/wgphoto.pl\/t\/index.php?rest_route=\/wp\/v2\/media\/11548"}],"wp:attachment":[{"href":"https:\/\/wgphoto.pl\/t\/index.php?rest_route=%2Fwp%2Fv2%2Fmedia&parent=11547"}],"wp:term":[{"taxonomy":"category","embeddable":true,"href":"https:\/\/wgphoto.pl\/t\/index.php?rest_route=%2Fwp%2Fv2%2Fcategories&post=11547"},{"taxonomy":"post_tag","embeddable":true,"href":"https:\/\/wgphoto.pl\/t\/index.php?rest_route=%2Fwp%2Fv2%2Ftags&post=11547"}],"curies":[{"name":"wp","href":"https:\/\/api.w.org\/{rel}","templated":true}]}}