{"id":11554,"date":"2025-02-07T18:21:24","date_gmt":"2025-02-07T17:21:24","guid":{"rendered":"https:\/\/wgphoto.pl\/t\/?p=11554"},"modified":"2025-12-21T20:28:04","modified_gmt":"2025-12-21T19:28:04","slug":"pozno","status":"publish","type":"post","link":"https:\/\/wgphoto.pl\/t\/?p=11554","title":{"rendered":"P\u00f3\u017ano"},"content":{"rendered":"\n<figure class=\"wp-block-image aligncenter size-full\"><img loading=\"lazy\" decoding=\"async\" width=\"1200\" height=\"800\" src=\"https:\/\/wgphoto.pl\/t\/wp-content\/uploads\/2025\/02\/IMGP9699.jpg\" alt=\"\" class=\"wp-image-11555\" srcset=\"https:\/\/wgphoto.pl\/t\/wp-content\/uploads\/2025\/02\/IMGP9699.jpg 1200w, https:\/\/wgphoto.pl\/t\/wp-content\/uploads\/2025\/02\/IMGP9699-300x200.jpg 300w, https:\/\/wgphoto.pl\/t\/wp-content\/uploads\/2025\/02\/IMGP9699-768x512.jpg 768w\" sizes=\"auto, (max-width: 1200px) 100vw, 1200px\" \/><\/figure>\n\n\n\n<div class=\"wp-block-group has-global-padding is-layout-constrained wp-block-group-is-layout-constrained\">\n<p>P\u00f3\u017ano na zegarze (mamy najd\u0142u\u017csze dni, wi\u0119c jeszcze jasno) i p\u00f3\u017ano\u2026 no sami widzicie, ale nie zd\u0105\u017cy\u0142em wyskoczy\u0107 szybciej z tramwaju. Wiaduktem przemyka ET22-003, a na p\u0119tli Krzyki post\u00f3j odbywa 2803 jako objazdowa czternastka. 2018-06-23<\/p>\n<\/div>\n","protected":false},"excerpt":{"rendered":"<p>P\u00f3\u017ano na zegarze (mamy najd\u0142u\u017csze dni, wi\u0119c jeszcze jasno) i p\u00f3\u017ano\u2026 no sami widzicie, ale nie zd\u0105\u017cy\u0142em wyskoczy\u0107 szybciej z tramwaju. Wiaduktem przemyka ET22-003, a na p\u0119tli Krzyki post\u00f3j odbywa 2803 jako objazdowa czternastka. 2018-06-23<\/p>\n","protected":false},"author":1,"featured_media":11555,"comment_status":"open","ping_status":"","sticky":false,"template":"","format":"standard","meta":{"footnotes":""},"categories":[156,3],"tags":[2598,26,4603,501,42,63,27,439,90,41],"class_list":["post-11554","post","type-post","status-publish","format-standard","has-post-thumbnail","hentry","category-rok-2018","category-tramwaj","tag-2018-06-23","tag-et22","tag-mf19ac","tag-moderus-beta","tag-mpk-wroclaw","tag-pkp","tag-polska","tag-we-fabryce","tag-wieczorem","tag-wroclaw"],"_links":{"self":[{"href":"https:\/\/wgphoto.pl\/t\/index.php?rest_route=\/wp\/v2\/posts\/11554","targetHints":{"allow":["GET"]}}],"collection":[{"href":"https:\/\/wgphoto.pl\/t\/index.php?rest_route=\/wp\/v2\/posts"}],"about":[{"href":"https:\/\/wgphoto.pl\/t\/index.php?rest_route=\/wp\/v2\/types\/post"}],"author":[{"embeddable":true,"href":"https:\/\/wgphoto.pl\/t\/index.php?rest_route=\/wp\/v2\/users\/1"}],"replies":[{"embeddable":true,"href":"https:\/\/wgphoto.pl\/t\/index.php?rest_route=%2Fwp%2Fv2%2Fcomments&post=11554"}],"version-history":[{"count":1,"href":"https:\/\/wgphoto.pl\/t\/index.php?rest_route=\/wp\/v2\/posts\/11554\/revisions"}],"predecessor-version":[{"id":11556,"href":"https:\/\/wgphoto.pl\/t\/index.php?rest_route=\/wp\/v2\/posts\/11554\/revisions\/11556"}],"wp:featuredmedia":[{"embeddable":true,"href":"https:\/\/wgphoto.pl\/t\/index.php?rest_route=\/wp\/v2\/media\/11555"}],"wp:attachment":[{"href":"https:\/\/wgphoto.pl\/t\/index.php?rest_route=%2Fwp%2Fv2%2Fmedia&parent=11554"}],"wp:term":[{"taxonomy":"category","embeddable":true,"href":"https:\/\/wgphoto.pl\/t\/index.php?rest_route=%2Fwp%2Fv2%2Fcategories&post=11554"},{"taxonomy":"post_tag","embeddable":true,"href":"https:\/\/wgphoto.pl\/t\/index.php?rest_route=%2Fwp%2Fv2%2Ftags&post=11554"}],"curies":[{"name":"wp","href":"https:\/\/api.w.org\/{rel}","templated":true}]}}