{"id":11560,"date":"2025-02-07T18:25:03","date_gmt":"2025-02-07T17:25:03","guid":{"rendered":"https:\/\/wgphoto.pl\/t\/?p=11560"},"modified":"2025-02-07T18:25:03","modified_gmt":"2025-02-07T17:25:03","slug":"bytom-niebieski","status":"publish","type":"post","link":"https:\/\/wgphoto.pl\/t\/?p=11560","title":{"rendered":"Bytom niebieski"},"content":{"rendered":"\n<figure class=\"wp-block-image aligncenter size-full\"><img loading=\"lazy\" decoding=\"async\" width=\"1200\" height=\"795\" src=\"https:\/\/wgphoto.pl\/t\/wp-content\/uploads\/2025\/02\/IMGP9973.jpg\" alt=\"\" class=\"wp-image-11561\" srcset=\"https:\/\/wgphoto.pl\/t\/wp-content\/uploads\/2025\/02\/IMGP9973.jpg 1200w, https:\/\/wgphoto.pl\/t\/wp-content\/uploads\/2025\/02\/IMGP9973-300x199.jpg 300w, https:\/\/wgphoto.pl\/t\/wp-content\/uploads\/2025\/02\/IMGP9973-768x509.jpg 768w\" sizes=\"auto, (max-width: 1200px) 100vw, 1200px\" \/><\/figure>\n\n\n\n<div class=\"wp-block-group has-global-padding is-layout-constrained wp-block-group-is-layout-constrained\">\n<p>ET22-1016 z czeskimi talbotami przeje\u017cd\u017ca pod jedn\u0105 z trzech przedwojennych hal peronowych w Polsce &#8211; najmniej znan\u0105, najbardziej zaniedban\u0105 i goszcz\u0105c\u0105 chyba najmniej poci\u0105g\u00f3w, bo i ranga stacji w ruchu pasa\u017cerskim nieco spad\u0142a wzgl\u0119dem przedwojnia. 2018-07-15<\/p>\n<\/div>\n","protected":false},"excerpt":{"rendered":"<p>ET22-1016 z czeskimi talbotami przeje\u017cd\u017ca pod jedn\u0105 z trzech przedwojennych hal peronowych w Polsce &#8211; najmniej znan\u0105, najbardziej zaniedban\u0105 i goszcz\u0105c\u0105 chyba najmniej poci\u0105g\u00f3w, bo i ranga stacji w ruchu pasa\u017cerskim nieco spad\u0142a wzgl\u0119dem przedwojnia. 2018-07-15<\/p>\n","protected":false},"author":1,"featured_media":11561,"comment_status":"open","ping_status":"","sticky":false,"template":"","format":"standard","meta":{"footnotes":""},"categories":[2,156],"tags":[2359,1232,26,277,179,63,27,2106],"class_list":["post-11560","post","type-post","status-publish","format-standard","has-post-thumbnail","hentry","category-kolej","category-rok-2018","tag-2018-07-15","tag-bytom","tag-et22","tag-gop","tag-hala-peronowa","tag-pkp","tag-polska","tag-tab-pl180"],"_links":{"self":[{"href":"https:\/\/wgphoto.pl\/t\/index.php?rest_route=\/wp\/v2\/posts\/11560","targetHints":{"allow":["GET"]}}],"collection":[{"href":"https:\/\/wgphoto.pl\/t\/index.php?rest_route=\/wp\/v2\/posts"}],"about":[{"href":"https:\/\/wgphoto.pl\/t\/index.php?rest_route=\/wp\/v2\/types\/post"}],"author":[{"embeddable":true,"href":"https:\/\/wgphoto.pl\/t\/index.php?rest_route=\/wp\/v2\/users\/1"}],"replies":[{"embeddable":true,"href":"https:\/\/wgphoto.pl\/t\/index.php?rest_route=%2Fwp%2Fv2%2Fcomments&post=11560"}],"version-history":[{"count":1,"href":"https:\/\/wgphoto.pl\/t\/index.php?rest_route=\/wp\/v2\/posts\/11560\/revisions"}],"predecessor-version":[{"id":11562,"href":"https:\/\/wgphoto.pl\/t\/index.php?rest_route=\/wp\/v2\/posts\/11560\/revisions\/11562"}],"wp:featuredmedia":[{"embeddable":true,"href":"https:\/\/wgphoto.pl\/t\/index.php?rest_route=\/wp\/v2\/media\/11561"}],"wp:attachment":[{"href":"https:\/\/wgphoto.pl\/t\/index.php?rest_route=%2Fwp%2Fv2%2Fmedia&parent=11560"}],"wp:term":[{"taxonomy":"category","embeddable":true,"href":"https:\/\/wgphoto.pl\/t\/index.php?rest_route=%2Fwp%2Fv2%2Fcategories&post=11560"},{"taxonomy":"post_tag","embeddable":true,"href":"https:\/\/wgphoto.pl\/t\/index.php?rest_route=%2Fwp%2Fv2%2Ftags&post=11560"}],"curies":[{"name":"wp","href":"https:\/\/api.w.org\/{rel}","templated":true}]}}