{"id":11563,"date":"2025-02-07T18:26:25","date_gmt":"2025-02-07T17:26:25","guid":{"rendered":"https:\/\/wgphoto.pl\/t\/?p=11563"},"modified":"2025-02-07T18:26:25","modified_gmt":"2025-02-07T17:26:25","slug":"bytom-zolty","status":"publish","type":"post","link":"https:\/\/wgphoto.pl\/t\/?p=11563","title":{"rendered":"Bytom \u017c\u00f3\u0142ty"},"content":{"rendered":"\n<figure class=\"wp-block-image aligncenter size-full\"><img loading=\"lazy\" decoding=\"async\" width=\"1200\" height=\"795\" src=\"https:\/\/wgphoto.pl\/t\/wp-content\/uploads\/2025\/02\/IMGP9967.jpg\" alt=\"\" class=\"wp-image-11564\" srcset=\"https:\/\/wgphoto.pl\/t\/wp-content\/uploads\/2025\/02\/IMGP9967.jpg 1200w, https:\/\/wgphoto.pl\/t\/wp-content\/uploads\/2025\/02\/IMGP9967-300x199.jpg 300w, https:\/\/wgphoto.pl\/t\/wp-content\/uploads\/2025\/02\/IMGP9967-768x509.jpg 768w\" sizes=\"auto, (max-width: 1200px) 100vw, 1200px\" \/><\/figure>\n\n\n\n<div class=\"wp-block-group has-global-padding is-layout-constrained wp-block-group-is-layout-constrained\">\n<p>Spodziewa\u0142em si\u0119 tu zasta\u0107 tylko wiatr hulaj\u0105cy po pustej hali peronowej, wi\u0119c ucieszy\u0142em si\u0119 nawet z zaparkowanego w jej rogu luzaczka. 181.010, Bytom, 15.07.2018<\/p>\n<\/div>\n","protected":false},"excerpt":{"rendered":"<p>Spodziewa\u0142em si\u0119 tu zasta\u0107 tylko wiatr hulaj\u0105cy po pustej hali peronowej, wi\u0119c ucieszy\u0142em si\u0119 nawet z zaparkowanego w jej rogu luzaczka. 181.010, Bytom, 15.07.2018<\/p>\n","protected":false},"author":1,"featured_media":11564,"comment_status":"open","ping_status":"","sticky":false,"template":"","format":"standard","meta":{"footnotes":""},"categories":[2,156],"tags":[3125,2359,1232,277,179,27,3124,2106],"class_list":["post-11563","post","type-post","status-publish","format-standard","has-post-thumbnail","hentry","category-kolej","category-rok-2018","tag-3125","tag-2018-07-15","tag-bytom","tag-gop","tag-hala-peronowa","tag-polska","tag-stk","tag-tab-pl180"],"_links":{"self":[{"href":"https:\/\/wgphoto.pl\/t\/index.php?rest_route=\/wp\/v2\/posts\/11563","targetHints":{"allow":["GET"]}}],"collection":[{"href":"https:\/\/wgphoto.pl\/t\/index.php?rest_route=\/wp\/v2\/posts"}],"about":[{"href":"https:\/\/wgphoto.pl\/t\/index.php?rest_route=\/wp\/v2\/types\/post"}],"author":[{"embeddable":true,"href":"https:\/\/wgphoto.pl\/t\/index.php?rest_route=\/wp\/v2\/users\/1"}],"replies":[{"embeddable":true,"href":"https:\/\/wgphoto.pl\/t\/index.php?rest_route=%2Fwp%2Fv2%2Fcomments&post=11563"}],"version-history":[{"count":1,"href":"https:\/\/wgphoto.pl\/t\/index.php?rest_route=\/wp\/v2\/posts\/11563\/revisions"}],"predecessor-version":[{"id":11565,"href":"https:\/\/wgphoto.pl\/t\/index.php?rest_route=\/wp\/v2\/posts\/11563\/revisions\/11565"}],"wp:featuredmedia":[{"embeddable":true,"href":"https:\/\/wgphoto.pl\/t\/index.php?rest_route=\/wp\/v2\/media\/11564"}],"wp:attachment":[{"href":"https:\/\/wgphoto.pl\/t\/index.php?rest_route=%2Fwp%2Fv2%2Fmedia&parent=11563"}],"wp:term":[{"taxonomy":"category","embeddable":true,"href":"https:\/\/wgphoto.pl\/t\/index.php?rest_route=%2Fwp%2Fv2%2Fcategories&post=11563"},{"taxonomy":"post_tag","embeddable":true,"href":"https:\/\/wgphoto.pl\/t\/index.php?rest_route=%2Fwp%2Fv2%2Ftags&post=11563"}],"curies":[{"name":"wp","href":"https:\/\/api.w.org\/{rel}","templated":true}]}}