{"id":11569,"date":"2025-02-07T18:28:50","date_gmt":"2025-02-07T17:28:50","guid":{"rendered":"https:\/\/wgphoto.pl\/t\/?p=11569"},"modified":"2025-02-07T18:28:50","modified_gmt":"2025-02-07T17:28:50","slug":"zimno","status":"publish","type":"post","link":"https:\/\/wgphoto.pl\/t\/?p=11569","title":{"rendered":"Zimno"},"content":{"rendered":"\n<figure class=\"wp-block-image aligncenter size-full\"><img loading=\"lazy\" decoding=\"async\" width=\"1200\" height=\"803\" src=\"https:\/\/wgphoto.pl\/t\/wp-content\/uploads\/2025\/02\/IMGP9254.jpg\" alt=\"\" class=\"wp-image-11570\" srcset=\"https:\/\/wgphoto.pl\/t\/wp-content\/uploads\/2025\/02\/IMGP9254.jpg 1200w, https:\/\/wgphoto.pl\/t\/wp-content\/uploads\/2025\/02\/IMGP9254-300x201.jpg 300w, https:\/\/wgphoto.pl\/t\/wp-content\/uploads\/2025\/02\/IMGP9254-768x514.jpg 768w\" sizes=\"auto, (max-width: 1200px) 100vw, 1200px\" \/><\/figure>\n\n\n\n<div class=\"wp-block-group has-global-padding is-layout-constrained wp-block-group-is-layout-constrained\">\n<p>Poci\u0105g osobowy z \u00dast\u00ed nad Orlic\u00ed do K\u0142odzka G\u0142\u00f3wnego w czasie postoju na granicznej stacji w Mi\u0119dzylesiu. Temperatur\u0119 dobrze odzwierciedla ch\u0142odne \u015bwiat\u0142o na peronie. 24.01.2011<\/p>\n<\/div>\n","protected":false},"excerpt":{"rendered":"<p>Poci\u0105g osobowy z \u00dast\u00ed nad Orlic\u00ed do K\u0142odzka G\u0142\u00f3wnego w czasie postoju na granicznej stacji w Mi\u0119dzylesiu. Temperatur\u0119 dobrze odzwierciedla ch\u0142odne \u015bwiat\u0142o na peronie. 24.01.2011<\/p>\n","protected":false},"author":1,"featured_media":11570,"comment_status":"open","ping_status":"","sticky":false,"template":"","format":"standard","meta":{"footnotes":""},"categories":[2,77],"tags":[2972,132,173,2050,154,24,63,27,44,383],"class_list":["post-11569","post","type-post","status-publish","format-standard","has-post-thumbnail","hentry","category-kolej","category-rok-2011","tag-2011-01-24","tag-en57","tag-koncowki","tag-miedzylesie","tag-noc","tag-perony","tag-pkp","tag-polska","tag-snieg","tag-tab-pl230"],"_links":{"self":[{"href":"https:\/\/wgphoto.pl\/t\/index.php?rest_route=\/wp\/v2\/posts\/11569","targetHints":{"allow":["GET"]}}],"collection":[{"href":"https:\/\/wgphoto.pl\/t\/index.php?rest_route=\/wp\/v2\/posts"}],"about":[{"href":"https:\/\/wgphoto.pl\/t\/index.php?rest_route=\/wp\/v2\/types\/post"}],"author":[{"embeddable":true,"href":"https:\/\/wgphoto.pl\/t\/index.php?rest_route=\/wp\/v2\/users\/1"}],"replies":[{"embeddable":true,"href":"https:\/\/wgphoto.pl\/t\/index.php?rest_route=%2Fwp%2Fv2%2Fcomments&post=11569"}],"version-history":[{"count":1,"href":"https:\/\/wgphoto.pl\/t\/index.php?rest_route=\/wp\/v2\/posts\/11569\/revisions"}],"predecessor-version":[{"id":11571,"href":"https:\/\/wgphoto.pl\/t\/index.php?rest_route=\/wp\/v2\/posts\/11569\/revisions\/11571"}],"wp:featuredmedia":[{"embeddable":true,"href":"https:\/\/wgphoto.pl\/t\/index.php?rest_route=\/wp\/v2\/media\/11570"}],"wp:attachment":[{"href":"https:\/\/wgphoto.pl\/t\/index.php?rest_route=%2Fwp%2Fv2%2Fmedia&parent=11569"}],"wp:term":[{"taxonomy":"category","embeddable":true,"href":"https:\/\/wgphoto.pl\/t\/index.php?rest_route=%2Fwp%2Fv2%2Fcategories&post=11569"},{"taxonomy":"post_tag","embeddable":true,"href":"https:\/\/wgphoto.pl\/t\/index.php?rest_route=%2Fwp%2Fv2%2Ftags&post=11569"}],"curies":[{"name":"wp","href":"https:\/\/api.w.org\/{rel}","templated":true}]}}