{"id":11575,"date":"2025-02-07T22:19:11","date_gmt":"2025-02-07T21:19:11","guid":{"rendered":"https:\/\/wgphoto.pl\/t\/?p=11575"},"modified":"2025-02-07T22:19:11","modified_gmt":"2025-02-07T21:19:11","slug":"za-dnia","status":"publish","type":"post","link":"https:\/\/wgphoto.pl\/t\/?p=11575","title":{"rendered":"Za dnia"},"content":{"rendered":"\n<figure class=\"wp-block-image aligncenter size-full\"><img loading=\"lazy\" decoding=\"async\" width=\"1050\" height=\"700\" src=\"https:\/\/wgphoto.pl\/t\/wp-content\/uploads\/2025\/02\/IMGP8617-2.jpg\" alt=\"\" class=\"wp-image-11578\" srcset=\"https:\/\/wgphoto.pl\/t\/wp-content\/uploads\/2025\/02\/IMGP8617-2.jpg 1050w, https:\/\/wgphoto.pl\/t\/wp-content\/uploads\/2025\/02\/IMGP8617-2-300x200.jpg 300w, https:\/\/wgphoto.pl\/t\/wp-content\/uploads\/2025\/02\/IMGP8617-2-768x512.jpg 768w\" sizes=\"auto, (max-width: 1050px) 100vw, 1050px\" \/><\/figure>\n\n\n\n<div class=\"wp-block-group has-global-padding is-layout-constrained wp-block-group-is-layout-constrained\">\n<p>Berlin, Alexanderplatz. Siedmiocz\u0142onowy Bombardier mija budz\u0105cy si\u0119 dopiero do \u017cycia jarmark bo\u017conarodzeniowy. 25.11.2014<\/p>\n<\/div>\n","protected":false},"excerpt":{"rendered":"<p>Berlin, Alexanderplatz. Siedmiocz\u0142onowy Bombardier mija budz\u0105cy si\u0119 dopiero do \u017cycia jarmark bo\u017conarodzeniowy. 25.11.2014<\/p>\n","protected":false},"author":1,"featured_media":11578,"comment_status":"open","ping_status":"","sticky":false,"template":"","format":"standard","meta":{"footnotes":""},"categories":[48,3],"tags":[1630,639,1629,1628,239,23,143,1491],"class_list":["post-11575","post","type-post","status-publish","format-standard","has-post-thumbnail","hentry","category-rok-2014","category-tramwaj","tag-2014-11-25","tag-berlin","tag-bombardier-flexity-berlin","tag-bvg-berlin","tag-deptak","tag-niemcy","tag-ponad-30m","tag-swiateczne-akcenty"],"_links":{"self":[{"href":"https:\/\/wgphoto.pl\/t\/index.php?rest_route=\/wp\/v2\/posts\/11575","targetHints":{"allow":["GET"]}}],"collection":[{"href":"https:\/\/wgphoto.pl\/t\/index.php?rest_route=\/wp\/v2\/posts"}],"about":[{"href":"https:\/\/wgphoto.pl\/t\/index.php?rest_route=\/wp\/v2\/types\/post"}],"author":[{"embeddable":true,"href":"https:\/\/wgphoto.pl\/t\/index.php?rest_route=\/wp\/v2\/users\/1"}],"replies":[{"embeddable":true,"href":"https:\/\/wgphoto.pl\/t\/index.php?rest_route=%2Fwp%2Fv2%2Fcomments&post=11575"}],"version-history":[{"count":1,"href":"https:\/\/wgphoto.pl\/t\/index.php?rest_route=\/wp\/v2\/posts\/11575\/revisions"}],"predecessor-version":[{"id":11579,"href":"https:\/\/wgphoto.pl\/t\/index.php?rest_route=\/wp\/v2\/posts\/11575\/revisions\/11579"}],"wp:featuredmedia":[{"embeddable":true,"href":"https:\/\/wgphoto.pl\/t\/index.php?rest_route=\/wp\/v2\/media\/11578"}],"wp:attachment":[{"href":"https:\/\/wgphoto.pl\/t\/index.php?rest_route=%2Fwp%2Fv2%2Fmedia&parent=11575"}],"wp:term":[{"taxonomy":"category","embeddable":true,"href":"https:\/\/wgphoto.pl\/t\/index.php?rest_route=%2Fwp%2Fv2%2Fcategories&post=11575"},{"taxonomy":"post_tag","embeddable":true,"href":"https:\/\/wgphoto.pl\/t\/index.php?rest_route=%2Fwp%2Fv2%2Ftags&post=11575"}],"curies":[{"name":"wp","href":"https:\/\/api.w.org\/{rel}","templated":true}]}}