{"id":11586,"date":"2025-02-07T22:22:31","date_gmt":"2025-02-07T21:22:31","guid":{"rendered":"https:\/\/wgphoto.pl\/t\/?p=11586"},"modified":"2025-02-07T22:22:31","modified_gmt":"2025-02-07T21:22:31","slug":"8073-083-2","status":"publish","type":"post","link":"https:\/\/wgphoto.pl\/t\/?p=11586","title":{"rendered":"8073 083-2"},"content":{"rendered":"\n<figure class=\"wp-block-image aligncenter size-full\"><img loading=\"lazy\" decoding=\"async\" width=\"1050\" height=\"700\" src=\"https:\/\/wgphoto.pl\/t\/wp-content\/uploads\/2025\/02\/IMGP6700.jpg\" alt=\"\" class=\"wp-image-11587\" srcset=\"https:\/\/wgphoto.pl\/t\/wp-content\/uploads\/2025\/02\/IMGP6700.jpg 1050w, https:\/\/wgphoto.pl\/t\/wp-content\/uploads\/2025\/02\/IMGP6700-300x200.jpg 300w, https:\/\/wgphoto.pl\/t\/wp-content\/uploads\/2025\/02\/IMGP6700-768x512.jpg 768w\" sizes=\"auto, (max-width: 1050px) 100vw, 1050px\" \/><\/figure>\n\n\n\n<div class=\"wp-block-group has-global-padding is-layout-constrained wp-block-group-is-layout-constrained\">\n<p>Wien Hausfeldstra\u00dfe &#8211; Raasdorf. Pozioma wersja poprzedniego uj\u0119cia, tym razem z REX 2516 relacji Wien Hbf &#8211; Bratislava hl.st. w roli g\u0142\u00f3wnej oraz tras\u0105 metra linii U2 w roli drugoplanowej. Niestety, rozk\u0142ad jazdy nie przewiduje mo\u017cliwo\u015bci z\u0142apania kolei i metra na jednym zdj\u0119ciu. Wsp\u00f3\u0142pracowa\u0107 nie chcia\u0142a tak\u017ce pogoda, daj\u0105c nier\u00f3wnomierne o\u015bwietlenie kadru oraz zapewniaj\u0105c falowanie gor\u0105cego powietrza. 2014-08-17<\/p>\n<\/div>\n","protected":false},"excerpt":{"rendered":"<p>Wien Hausfeldstra\u00dfe &#8211; Raasdorf. Pozioma wersja poprzedniego uj\u0119cia, tym razem z REX 2516 relacji Wien Hbf &#8211; Bratislava hl.st. w roli g\u0142\u00f3wnej oraz tras\u0105 metra linii U2 w roli drugoplanowej. Niestety, rozk\u0142ad jazdy nie przewiduje mo\u017cliwo\u015bci z\u0142apania kolei i metra na jednym zdj\u0119ciu. Wsp\u00f3\u0142pracowa\u0107 nie chcia\u0142a tak\u017ce pogoda, daj\u0105c nier\u00f3wnomierne o\u015bwietlenie kadru oraz zapewniaj\u0105c falowanie [&hellip;]<\/p>\n","protected":false},"author":1,"featured_media":11587,"comment_status":"open","ping_status":"","sticky":false,"template":"","format":"standard","meta":{"footnotes":""},"categories":[2,48],"tags":[1808,9,11,3127,1869,97,3126],"class_list":["post-11586","post","type-post","status-publish","format-standard","has-post-thumbnail","hentry","category-kolej","category-rok-2014","tag-2014-08-17","tag-austria","tag-obb","tag-raasdorf","tag-wagon-sterowniczy","tag-wieden","tag-wien-hausfeldstrase"],"_links":{"self":[{"href":"https:\/\/wgphoto.pl\/t\/index.php?rest_route=\/wp\/v2\/posts\/11586","targetHints":{"allow":["GET"]}}],"collection":[{"href":"https:\/\/wgphoto.pl\/t\/index.php?rest_route=\/wp\/v2\/posts"}],"about":[{"href":"https:\/\/wgphoto.pl\/t\/index.php?rest_route=\/wp\/v2\/types\/post"}],"author":[{"embeddable":true,"href":"https:\/\/wgphoto.pl\/t\/index.php?rest_route=\/wp\/v2\/users\/1"}],"replies":[{"embeddable":true,"href":"https:\/\/wgphoto.pl\/t\/index.php?rest_route=%2Fwp%2Fv2%2Fcomments&post=11586"}],"version-history":[{"count":1,"href":"https:\/\/wgphoto.pl\/t\/index.php?rest_route=\/wp\/v2\/posts\/11586\/revisions"}],"predecessor-version":[{"id":11588,"href":"https:\/\/wgphoto.pl\/t\/index.php?rest_route=\/wp\/v2\/posts\/11586\/revisions\/11588"}],"wp:featuredmedia":[{"embeddable":true,"href":"https:\/\/wgphoto.pl\/t\/index.php?rest_route=\/wp\/v2\/media\/11587"}],"wp:attachment":[{"href":"https:\/\/wgphoto.pl\/t\/index.php?rest_route=%2Fwp%2Fv2%2Fmedia&parent=11586"}],"wp:term":[{"taxonomy":"category","embeddable":true,"href":"https:\/\/wgphoto.pl\/t\/index.php?rest_route=%2Fwp%2Fv2%2Fcategories&post=11586"},{"taxonomy":"post_tag","embeddable":true,"href":"https:\/\/wgphoto.pl\/t\/index.php?rest_route=%2Fwp%2Fv2%2Ftags&post=11586"}],"curies":[{"name":"wp","href":"https:\/\/api.w.org\/{rel}","templated":true}]}}