{"id":11589,"date":"2025-02-07T22:23:27","date_gmt":"2025-02-07T21:23:27","guid":{"rendered":"https:\/\/wgphoto.pl\/t\/?p=11589"},"modified":"2025-02-07T22:23:27","modified_gmt":"2025-02-07T21:23:27","slug":"2016-021","status":"publish","type":"post","link":"https:\/\/wgphoto.pl\/t\/?p=11589","title":{"rendered":"2016.021"},"content":{"rendered":"\n<figure class=\"wp-block-image aligncenter size-full\"><img loading=\"lazy\" decoding=\"async\" width=\"600\" height=\"900\" src=\"https:\/\/wgphoto.pl\/t\/wp-content\/uploads\/2025\/02\/IMGP6701.jpg\" alt=\"\" class=\"wp-image-11590\" srcset=\"https:\/\/wgphoto.pl\/t\/wp-content\/uploads\/2025\/02\/IMGP6701.jpg 600w, https:\/\/wgphoto.pl\/t\/wp-content\/uploads\/2025\/02\/IMGP6701-200x300.jpg 200w\" sizes=\"auto, (max-width: 600px) 100vw, 600px\" \/><\/figure>\n\n\n\n<div class=\"wp-block-group has-global-padding is-layout-constrained wp-block-group-is-layout-constrained\">\n<p>Drugie uj\u0119cie sytuacji z poprzedniego obrazka, ukazuj\u0105ce nap\u0119d w postaci diesla serii 2016 oraz os\u0142oni\u0119ty semaforami posterunek bocznicowy o nieznanej mi nazwie. W sk\u0142adzie poci\u0105gu zaraz za lokomotyw\u0105 znajduj\u0105 si\u0119 dwa s\u0142owackie wagony. 2014-08-17<\/p>\n<\/div>\n","protected":false},"excerpt":{"rendered":"<p>Drugie uj\u0119cie sytuacji z poprzedniego obrazka, ukazuj\u0105ce nap\u0119d w postaci diesla serii 2016 oraz os\u0142oni\u0119ty semaforami posterunek bocznicowy o nieznanej mi nazwie. W sk\u0142adzie poci\u0105gu zaraz za lokomotyw\u0105 znajduj\u0105 si\u0119 dwa s\u0142owackie wagony. 2014-08-17<\/p>\n","protected":false},"author":1,"featured_media":11590,"comment_status":"open","ping_status":"","sticky":false,"template":"","format":"standard","meta":{"footnotes":""},"categories":[2,128,48],"tags":[1808,3129,9,173,11,3127,97,3126],"class_list":["post-11589","post","type-post","status-publish","format-standard","has-post-thumbnail","hentry","category-kolej","category-pionowe","category-rok-2014","tag-2014-08-17","tag-3129","tag-austria","tag-koncowki","tag-obb","tag-raasdorf","tag-wieden","tag-wien-hausfeldstrase"],"_links":{"self":[{"href":"https:\/\/wgphoto.pl\/t\/index.php?rest_route=\/wp\/v2\/posts\/11589","targetHints":{"allow":["GET"]}}],"collection":[{"href":"https:\/\/wgphoto.pl\/t\/index.php?rest_route=\/wp\/v2\/posts"}],"about":[{"href":"https:\/\/wgphoto.pl\/t\/index.php?rest_route=\/wp\/v2\/types\/post"}],"author":[{"embeddable":true,"href":"https:\/\/wgphoto.pl\/t\/index.php?rest_route=\/wp\/v2\/users\/1"}],"replies":[{"embeddable":true,"href":"https:\/\/wgphoto.pl\/t\/index.php?rest_route=%2Fwp%2Fv2%2Fcomments&post=11589"}],"version-history":[{"count":1,"href":"https:\/\/wgphoto.pl\/t\/index.php?rest_route=\/wp\/v2\/posts\/11589\/revisions"}],"predecessor-version":[{"id":11591,"href":"https:\/\/wgphoto.pl\/t\/index.php?rest_route=\/wp\/v2\/posts\/11589\/revisions\/11591"}],"wp:featuredmedia":[{"embeddable":true,"href":"https:\/\/wgphoto.pl\/t\/index.php?rest_route=\/wp\/v2\/media\/11590"}],"wp:attachment":[{"href":"https:\/\/wgphoto.pl\/t\/index.php?rest_route=%2Fwp%2Fv2%2Fmedia&parent=11589"}],"wp:term":[{"taxonomy":"category","embeddable":true,"href":"https:\/\/wgphoto.pl\/t\/index.php?rest_route=%2Fwp%2Fv2%2Fcategories&post=11589"},{"taxonomy":"post_tag","embeddable":true,"href":"https:\/\/wgphoto.pl\/t\/index.php?rest_route=%2Fwp%2Fv2%2Ftags&post=11589"}],"curies":[{"name":"wp","href":"https:\/\/api.w.org\/{rel}","templated":true}]}}