{"id":11595,"date":"2025-02-07T22:28:07","date_gmt":"2025-02-07T21:28:07","guid":{"rendered":"https:\/\/wgphoto.pl\/t\/?p=11595"},"modified":"2025-02-07T22:28:07","modified_gmt":"2025-02-07T21:28:07","slug":"porta-maggiore-i","status":"publish","type":"post","link":"https:\/\/wgphoto.pl\/t\/?p=11595","title":{"rendered":"Porta Maggiore I"},"content":{"rendered":"\n<figure class=\"wp-block-image aligncenter size-full\"><img loading=\"lazy\" decoding=\"async\" width=\"1050\" height=\"700\" src=\"https:\/\/wgphoto.pl\/t\/wp-content\/uploads\/2025\/02\/IMGP7629.jpg\" alt=\"\" class=\"wp-image-11596\" srcset=\"https:\/\/wgphoto.pl\/t\/wp-content\/uploads\/2025\/02\/IMGP7629.jpg 1050w, https:\/\/wgphoto.pl\/t\/wp-content\/uploads\/2025\/02\/IMGP7629-300x200.jpg 300w, https:\/\/wgphoto.pl\/t\/wp-content\/uploads\/2025\/02\/IMGP7629-768x512.jpg 768w\" sizes=\"auto, (max-width: 1050px) 100vw, 1050px\" \/><\/figure>\n\n\n\n<div class=\"wp-block-group has-global-padding is-layout-constrained wp-block-group-is-layout-constrained\">\n<p>Rzym, Piazza Di Porta Maggiore. Skrzy\u017cowanie w formie dosy\u0107 rozleg\u0142ego ronda wpasowane jest pomi\u0119dzy ruiny dw\u00f3ch krzy\u017cuj\u0105cych si\u0119 akwedukt\u00f3w z I w n.e. Wsp\u00f3\u0142cze\u015bnie krzy\u017cuje si\u0119 tu par\u0119 wa\u017cnych ulic oraz linii tramwajowych, przez \u015brodek placu przeje\u017cd\u017ca tak\u017ce kolej podmiejska. 25.03.2012<\/p>\n<\/div>\n","protected":false},"excerpt":{"rendered":"<p>Rzym, Piazza Di Porta Maggiore. Skrzy\u017cowanie w formie dosy\u0107 rozleg\u0142ego ronda wpasowane jest pomi\u0119dzy ruiny dw\u00f3ch krzy\u017cuj\u0105cych si\u0119 akwedukt\u00f3w z I w n.e. Wsp\u00f3\u0142cze\u015bnie krzy\u017cuje si\u0119 tu par\u0119 wa\u017cnych ulic oraz linii tramwajowych, przez \u015brodek placu przeje\u017cd\u017ca tak\u017ce kolej podmiejska. 25.03.2012<\/p>\n","protected":false},"author":1,"featured_media":11596,"comment_status":"open","ping_status":"","sticky":false,"template":"","format":"standard","meta":{"footnotes":""},"categories":[46,3],"tags":[3130,34,1029,1031,1647,110],"class_list":["post-11595","post","type-post","status-publish","format-standard","has-post-thumbnail","hentry","category-rok-2012","category-tramwaj","tag-2012-03-25","tag-architektura","tag-atac-roma","tag-rzym","tag-stanga","tag-wlochy"],"_links":{"self":[{"href":"https:\/\/wgphoto.pl\/t\/index.php?rest_route=\/wp\/v2\/posts\/11595","targetHints":{"allow":["GET"]}}],"collection":[{"href":"https:\/\/wgphoto.pl\/t\/index.php?rest_route=\/wp\/v2\/posts"}],"about":[{"href":"https:\/\/wgphoto.pl\/t\/index.php?rest_route=\/wp\/v2\/types\/post"}],"author":[{"embeddable":true,"href":"https:\/\/wgphoto.pl\/t\/index.php?rest_route=\/wp\/v2\/users\/1"}],"replies":[{"embeddable":true,"href":"https:\/\/wgphoto.pl\/t\/index.php?rest_route=%2Fwp%2Fv2%2Fcomments&post=11595"}],"version-history":[{"count":1,"href":"https:\/\/wgphoto.pl\/t\/index.php?rest_route=\/wp\/v2\/posts\/11595\/revisions"}],"predecessor-version":[{"id":11597,"href":"https:\/\/wgphoto.pl\/t\/index.php?rest_route=\/wp\/v2\/posts\/11595\/revisions\/11597"}],"wp:featuredmedia":[{"embeddable":true,"href":"https:\/\/wgphoto.pl\/t\/index.php?rest_route=\/wp\/v2\/media\/11596"}],"wp:attachment":[{"href":"https:\/\/wgphoto.pl\/t\/index.php?rest_route=%2Fwp%2Fv2%2Fmedia&parent=11595"}],"wp:term":[{"taxonomy":"category","embeddable":true,"href":"https:\/\/wgphoto.pl\/t\/index.php?rest_route=%2Fwp%2Fv2%2Fcategories&post=11595"},{"taxonomy":"post_tag","embeddable":true,"href":"https:\/\/wgphoto.pl\/t\/index.php?rest_route=%2Fwp%2Fv2%2Ftags&post=11595"}],"curies":[{"name":"wp","href":"https:\/\/api.w.org\/{rel}","templated":true}]}}