{"id":11598,"date":"2025-02-07T22:29:03","date_gmt":"2025-02-07T21:29:03","guid":{"rendered":"https:\/\/wgphoto.pl\/t\/?p=11598"},"modified":"2025-02-07T22:29:03","modified_gmt":"2025-02-07T21:29:03","slug":"porta-maggiore-ii","status":"publish","type":"post","link":"https:\/\/wgphoto.pl\/t\/?p=11598","title":{"rendered":"Porta Maggiore II"},"content":{"rendered":"\n<figure class=\"wp-block-image aligncenter size-full\"><img loading=\"lazy\" decoding=\"async\" width=\"1200\" height=\"803\" src=\"https:\/\/wgphoto.pl\/t\/wp-content\/uploads\/2025\/02\/IMGP7637.jpg\" alt=\"\" class=\"wp-image-11599\" srcset=\"https:\/\/wgphoto.pl\/t\/wp-content\/uploads\/2025\/02\/IMGP7637.jpg 1200w, https:\/\/wgphoto.pl\/t\/wp-content\/uploads\/2025\/02\/IMGP7637-300x201.jpg 300w, https:\/\/wgphoto.pl\/t\/wp-content\/uploads\/2025\/02\/IMGP7637-768x514.jpg 768w\" sizes=\"auto, (max-width: 1200px) 100vw, 1200px\" \/><\/figure>\n\n\n\n<div class=\"wp-block-group has-global-padding is-layout-constrained wp-block-group-is-layout-constrained\">\n<p>Rzym, Piazza Di Porta Maggiore. Ceglana konstrukcja pe\u0142ni\u0142a tak\u017ce funkcj\u0119 jednej z bram miejskich. Tramwaj za chwil\u0119 przetnie zachowany fragment drogi z kamienn\u0105 nawierzchni\u0105 sprzed 2000 lat. Fragment le\u017c\u0105cy &#8222;w krzakach&#8221;, ogrodzony barierk\u0105 i obni\u017cony o oko\u0142o metr wzgl\u0119dem dzisiejszego poziomu jezdni, \u017ceby by\u0142a jasno\u015b\u0107. 25.03.2012<\/p>\n<\/div>\n","protected":false},"excerpt":{"rendered":"<p>Rzym, Piazza Di Porta Maggiore. Ceglana konstrukcja pe\u0142ni\u0142a tak\u017ce funkcj\u0119 jednej z bram miejskich. Tramwaj za chwil\u0119 przetnie zachowany fragment drogi z kamienn\u0105 nawierzchni\u0105 sprzed 2000 lat. Fragment le\u017c\u0105cy &#8222;w krzakach&#8221;, ogrodzony barierk\u0105 i obni\u017cony o oko\u0142o metr wzgl\u0119dem dzisiejszego poziomu jezdni, \u017ceby by\u0142a jasno\u015b\u0107. 25.03.2012<\/p>\n","protected":false},"author":1,"featured_media":11599,"comment_status":"open","ping_status":"","sticky":false,"template":"","format":"standard","meta":{"footnotes":""},"categories":[46,3],"tags":[3130,34,1029,1031,1647,110],"class_list":["post-11598","post","type-post","status-publish","format-standard","has-post-thumbnail","hentry","category-rok-2012","category-tramwaj","tag-2012-03-25","tag-architektura","tag-atac-roma","tag-rzym","tag-stanga","tag-wlochy"],"_links":{"self":[{"href":"https:\/\/wgphoto.pl\/t\/index.php?rest_route=\/wp\/v2\/posts\/11598","targetHints":{"allow":["GET"]}}],"collection":[{"href":"https:\/\/wgphoto.pl\/t\/index.php?rest_route=\/wp\/v2\/posts"}],"about":[{"href":"https:\/\/wgphoto.pl\/t\/index.php?rest_route=\/wp\/v2\/types\/post"}],"author":[{"embeddable":true,"href":"https:\/\/wgphoto.pl\/t\/index.php?rest_route=\/wp\/v2\/users\/1"}],"replies":[{"embeddable":true,"href":"https:\/\/wgphoto.pl\/t\/index.php?rest_route=%2Fwp%2Fv2%2Fcomments&post=11598"}],"version-history":[{"count":1,"href":"https:\/\/wgphoto.pl\/t\/index.php?rest_route=\/wp\/v2\/posts\/11598\/revisions"}],"predecessor-version":[{"id":11600,"href":"https:\/\/wgphoto.pl\/t\/index.php?rest_route=\/wp\/v2\/posts\/11598\/revisions\/11600"}],"wp:featuredmedia":[{"embeddable":true,"href":"https:\/\/wgphoto.pl\/t\/index.php?rest_route=\/wp\/v2\/media\/11599"}],"wp:attachment":[{"href":"https:\/\/wgphoto.pl\/t\/index.php?rest_route=%2Fwp%2Fv2%2Fmedia&parent=11598"}],"wp:term":[{"taxonomy":"category","embeddable":true,"href":"https:\/\/wgphoto.pl\/t\/index.php?rest_route=%2Fwp%2Fv2%2Fcategories&post=11598"},{"taxonomy":"post_tag","embeddable":true,"href":"https:\/\/wgphoto.pl\/t\/index.php?rest_route=%2Fwp%2Fv2%2Ftags&post=11598"}],"curies":[{"name":"wp","href":"https:\/\/api.w.org\/{rel}","templated":true}]}}