{"id":11604,"date":"2025-02-07T22:38:02","date_gmt":"2025-02-07T21:38:02","guid":{"rendered":"https:\/\/wgphoto.pl\/t\/?p=11604"},"modified":"2025-02-08T22:54:41","modified_gmt":"2025-02-08T21:54:41","slug":"plac-wenecki","status":"publish","type":"post","link":"https:\/\/wgphoto.pl\/t\/?p=11604","title":{"rendered":"Plac Wenecki"},"content":{"rendered":"\n<figure class=\"wp-block-image aligncenter size-full\"><img loading=\"lazy\" decoding=\"async\" width=\"1400\" height=\"927\" src=\"https:\/\/wgphoto.pl\/t\/wp-content\/uploads\/2025\/02\/IMGP8413.jpg\" alt=\"\" class=\"wp-image-11681\" srcset=\"https:\/\/wgphoto.pl\/t\/wp-content\/uploads\/2025\/02\/IMGP8413.jpg 1400w, https:\/\/wgphoto.pl\/t\/wp-content\/uploads\/2025\/02\/IMGP8413-300x199.jpg 300w, https:\/\/wgphoto.pl\/t\/wp-content\/uploads\/2025\/02\/IMGP8413-768x509.jpg 768w\" sizes=\"auto, (max-width: 1400px) 100vw, 1400px\" \/><\/figure>\n\n\n\n<div class=\"wp-block-group has-global-padding is-layout-constrained wp-block-group-is-layout-constrained\">\n<p>Rzym, kraniec Piazza Venezia. Przed\u0142u\u017cona jaki\u015b czas temu o jeden przystanek \u00f3semka dowozi licznych turyst\u00f3w coraz bli\u017cej po\u017c\u0105danych atrakcji turystycznych. W kadrze po prawej stronie widoczny jest fragment O\u0142tarza Ojczyzny, po lewej za\u015b dostrzec mo\u017cna Kolumn\u0119 Trajana. Kieruj\u0105c wzrok na wsp\u00f3\u0142czesne obiekty mo\u017cna natomiast zwr\u00f3ci\u0107 uwag\u0119, \u017ce tramwaj wyposa\u017cony jest w lustro tylko z prawej strony, wi\u0119c na wypadek potrzeby otwarcia drzwi po lewej, na \u015brodkowym peronie postawiono lustro stacjonarne. 11.11.2014<\/p>\n<\/div>\n","protected":false},"excerpt":{"rendered":"<p>Rzym, kraniec Piazza Venezia. Przed\u0142u\u017cona jaki\u015b czas temu o jeden przystanek \u00f3semka dowozi licznych turyst\u00f3w coraz bli\u017cej po\u017c\u0105danych atrakcji turystycznych. W kadrze po prawej stronie widoczny jest fragment O\u0142tarza Ojczyzny, po lewej za\u015b dostrzec mo\u017cna Kolumn\u0119 Trajana. Kieruj\u0105c wzrok na wsp\u00f3\u0142czesne obiekty mo\u017cna natomiast zwr\u00f3ci\u0107 uwag\u0119, \u017ce tramwaj wyposa\u017cony jest w lustro tylko z prawej [&hellip;]<\/p>\n","protected":false},"author":1,"featured_media":11681,"comment_status":"open","ping_status":"","sticky":false,"template":"","format":"standard","meta":{"footnotes":""},"categories":[48,3],"tags":[1032,1029,494,151,1031,110],"class_list":["post-11604","post","type-post","status-publish","format-standard","has-post-thumbnail","hentry","category-rok-2014","category-tramwaj","tag-2014-11-11","tag-atac-roma","tag-flaga","tag-ludzie","tag-rzym","tag-wlochy"],"_links":{"self":[{"href":"https:\/\/wgphoto.pl\/t\/index.php?rest_route=\/wp\/v2\/posts\/11604","targetHints":{"allow":["GET"]}}],"collection":[{"href":"https:\/\/wgphoto.pl\/t\/index.php?rest_route=\/wp\/v2\/posts"}],"about":[{"href":"https:\/\/wgphoto.pl\/t\/index.php?rest_route=\/wp\/v2\/types\/post"}],"author":[{"embeddable":true,"href":"https:\/\/wgphoto.pl\/t\/index.php?rest_route=\/wp\/v2\/users\/1"}],"replies":[{"embeddable":true,"href":"https:\/\/wgphoto.pl\/t\/index.php?rest_route=%2Fwp%2Fv2%2Fcomments&post=11604"}],"version-history":[{"count":2,"href":"https:\/\/wgphoto.pl\/t\/index.php?rest_route=\/wp\/v2\/posts\/11604\/revisions"}],"predecessor-version":[{"id":11682,"href":"https:\/\/wgphoto.pl\/t\/index.php?rest_route=\/wp\/v2\/posts\/11604\/revisions\/11682"}],"wp:featuredmedia":[{"embeddable":true,"href":"https:\/\/wgphoto.pl\/t\/index.php?rest_route=\/wp\/v2\/media\/11681"}],"wp:attachment":[{"href":"https:\/\/wgphoto.pl\/t\/index.php?rest_route=%2Fwp%2Fv2%2Fmedia&parent=11604"}],"wp:term":[{"taxonomy":"category","embeddable":true,"href":"https:\/\/wgphoto.pl\/t\/index.php?rest_route=%2Fwp%2Fv2%2Fcategories&post=11604"},{"taxonomy":"post_tag","embeddable":true,"href":"https:\/\/wgphoto.pl\/t\/index.php?rest_route=%2Fwp%2Fv2%2Ftags&post=11604"}],"curies":[{"name":"wp","href":"https:\/\/api.w.org\/{rel}","templated":true}]}}