{"id":11607,"date":"2025-02-07T22:39:09","date_gmt":"2025-02-07T21:39:09","guid":{"rendered":"https:\/\/wgphoto.pl\/t\/?p=11607"},"modified":"2025-02-07T22:39:09","modified_gmt":"2025-02-07T21:39:09","slug":"madrycki-landszaft","status":"publish","type":"post","link":"https:\/\/wgphoto.pl\/t\/?p=11607","title":{"rendered":"Madrycki landszaft"},"content":{"rendered":"\n<figure class=\"wp-block-image aligncenter size-full\"><img loading=\"lazy\" decoding=\"async\" width=\"1200\" height=\"800\" src=\"https:\/\/wgphoto.pl\/t\/wp-content\/uploads\/2025\/02\/IMGP0920-1.jpg\" alt=\"\" class=\"wp-image-11609\" srcset=\"https:\/\/wgphoto.pl\/t\/wp-content\/uploads\/2025\/02\/IMGP0920-1.jpg 1200w, https:\/\/wgphoto.pl\/t\/wp-content\/uploads\/2025\/02\/IMGP0920-1-300x200.jpg 300w, https:\/\/wgphoto.pl\/t\/wp-content\/uploads\/2025\/02\/IMGP0920-1-768x512.jpg 768w\" sizes=\"auto, (max-width: 1200px) 100vw, 1200px\" \/><\/figure>\n\n\n\n<div class=\"wp-block-group has-global-padding is-layout-constrained wp-block-group-is-layout-constrained\">\n<p>Boadilla del Monte, wsp\u00f3lnota autonomiczna Madrytu, mi\u0119dzy przystankami Retamares i Cocheras. S\u0142oneczko \u0142adnie zagra\u0142o. 09.11.2013<\/p>\n<\/div>\n","protected":false},"excerpt":{"rendered":"<p>Boadilla del Monte, wsp\u00f3lnota autonomiczna Madrytu, mi\u0119dzy przystankami Retamares i Cocheras. S\u0142oneczko \u0142adnie zagra\u0142o. 09.11.2013<\/p>\n","protected":false},"author":1,"featured_media":11609,"comment_status":"open","ping_status":"","sticky":false,"template":"","format":"standard","meta":{"footnotes":""},"categories":[55,3],"tags":[1136,170,159,113,1309,2830],"class_list":["post-11607","post","type-post","status-publish","format-standard","has-post-thumbnail","hentry","category-rok-2013","category-tramwaj","tag-2013-11-09","tag-alstom-citadis302","tag-hiszpania","tag-landszaft","tag-madryt","tag-metro-ligero-de-madrid"],"_links":{"self":[{"href":"https:\/\/wgphoto.pl\/t\/index.php?rest_route=\/wp\/v2\/posts\/11607","targetHints":{"allow":["GET"]}}],"collection":[{"href":"https:\/\/wgphoto.pl\/t\/index.php?rest_route=\/wp\/v2\/posts"}],"about":[{"href":"https:\/\/wgphoto.pl\/t\/index.php?rest_route=\/wp\/v2\/types\/post"}],"author":[{"embeddable":true,"href":"https:\/\/wgphoto.pl\/t\/index.php?rest_route=\/wp\/v2\/users\/1"}],"replies":[{"embeddable":true,"href":"https:\/\/wgphoto.pl\/t\/index.php?rest_route=%2Fwp%2Fv2%2Fcomments&post=11607"}],"version-history":[{"count":1,"href":"https:\/\/wgphoto.pl\/t\/index.php?rest_route=\/wp\/v2\/posts\/11607\/revisions"}],"predecessor-version":[{"id":11610,"href":"https:\/\/wgphoto.pl\/t\/index.php?rest_route=\/wp\/v2\/posts\/11607\/revisions\/11610"}],"wp:featuredmedia":[{"embeddable":true,"href":"https:\/\/wgphoto.pl\/t\/index.php?rest_route=\/wp\/v2\/media\/11609"}],"wp:attachment":[{"href":"https:\/\/wgphoto.pl\/t\/index.php?rest_route=%2Fwp%2Fv2%2Fmedia&parent=11607"}],"wp:term":[{"taxonomy":"category","embeddable":true,"href":"https:\/\/wgphoto.pl\/t\/index.php?rest_route=%2Fwp%2Fv2%2Fcategories&post=11607"},{"taxonomy":"post_tag","embeddable":true,"href":"https:\/\/wgphoto.pl\/t\/index.php?rest_route=%2Fwp%2Fv2%2Ftags&post=11607"}],"curies":[{"name":"wp","href":"https:\/\/api.w.org\/{rel}","templated":true}]}}