{"id":11611,"date":"2025-02-07T22:40:45","date_gmt":"2025-02-07T21:40:45","guid":{"rendered":"https:\/\/wgphoto.pl\/t\/?p=11611"},"modified":"2025-02-08T22:54:13","modified_gmt":"2025-02-08T21:54:13","slug":"los-rectores-terra-natura","status":"publish","type":"post","link":"https:\/\/wgphoto.pl\/t\/?p=11611","title":{"rendered":"Los Rectores &#8211; Terra Natura"},"content":{"rendered":"\n<figure class=\"wp-block-image aligncenter size-full\"><img loading=\"lazy\" decoding=\"async\" width=\"1400\" height=\"937\" src=\"https:\/\/wgphoto.pl\/t\/wp-content\/uploads\/2025\/02\/IMGP1193.jpg\" alt=\"\" class=\"wp-image-11679\" srcset=\"https:\/\/wgphoto.pl\/t\/wp-content\/uploads\/2025\/02\/IMGP1193.jpg 1400w, https:\/\/wgphoto.pl\/t\/wp-content\/uploads\/2025\/02\/IMGP1193-300x201.jpg 300w, https:\/\/wgphoto.pl\/t\/wp-content\/uploads\/2025\/02\/IMGP1193-768x514.jpg 768w\" sizes=\"auto, (max-width: 1400px) 100vw, 1400px\" \/><\/figure>\n\n\n\n<div class=\"wp-block-group has-global-padding is-layout-constrained wp-block-group-is-layout-constrained\">\n<p>Jeszcze zbli\u017cenie na peron przystankowy z poprzedniego zdj\u0119cia. Warto zwr\u00f3ci\u0107 uwag\u0119 na pylon z nazw\u0105 przystanku i wiat\u0119 \u0142adnie kryj\u0105c\u0105 automat biletowy, gablot\u0119 z rozk\u0142adami jazdy oraz wy\u015bwietlacze dynamicznej informacji pasa\u017cerskiej (tu akurat odwr\u00f3cone ty\u0142em, wi\u0119c s\u0142abo widoczne). Mo\u017cna si\u0119 tylko zastanawia\u0107 nad u\u017cyteczno\u015bci\u0105 wiaty w czasie zacinaj\u0105cego deszczu. Warto r\u00f3wnie\u017c zwr\u00f3ci\u0107 uwag\u0119 na Hiszpan\u00f3w ubranych w kurtki &#8211; tego dnia rzeczywi\u015bcie by\u0142o zimno. 05.12.2012<\/p>\n<\/div>\n","protected":false},"excerpt":{"rendered":"<p>Jeszcze zbli\u017cenie na peron przystankowy z poprzedniego zdj\u0119cia. Warto zwr\u00f3ci\u0107 uwag\u0119 na pylon z nazw\u0105 przystanku i wiat\u0119 \u0142adnie kryj\u0105c\u0105 automat biletowy, gablot\u0119 z rozk\u0142adami jazdy oraz wy\u015bwietlacze dynamicznej informacji pasa\u017cerskiej (tu akurat odwr\u00f3cone ty\u0142em, wi\u0119c s\u0142abo widoczne). Mo\u017cna si\u0119 tylko zastanawia\u0107 nad u\u017cyteczno\u015bci\u0105 wiaty w czasie zacinaj\u0105cego deszczu. Warto r\u00f3wnie\u017c zwr\u00f3ci\u0107 uwag\u0119 na Hiszpan\u00f3w [&hellip;]<\/p>\n","protected":false},"author":1,"featured_media":11679,"comment_status":"open","ping_status":"","sticky":false,"template":"","format":"standard","meta":{"footnotes":""},"categories":[55,3],"tags":[1835,170,159,2033,219,2032],"class_list":["post-11611","post","type-post","status-publish","format-standard","has-post-thumbnail","hentry","category-rok-2013","category-tramwaj","tag-2012-12-05","tag-alstom-citadis302","tag-hiszpania","tag-murcja","tag-przystanek","tag-tranvia-de-murcia"],"_links":{"self":[{"href":"https:\/\/wgphoto.pl\/t\/index.php?rest_route=\/wp\/v2\/posts\/11611","targetHints":{"allow":["GET"]}}],"collection":[{"href":"https:\/\/wgphoto.pl\/t\/index.php?rest_route=\/wp\/v2\/posts"}],"about":[{"href":"https:\/\/wgphoto.pl\/t\/index.php?rest_route=\/wp\/v2\/types\/post"}],"author":[{"embeddable":true,"href":"https:\/\/wgphoto.pl\/t\/index.php?rest_route=\/wp\/v2\/users\/1"}],"replies":[{"embeddable":true,"href":"https:\/\/wgphoto.pl\/t\/index.php?rest_route=%2Fwp%2Fv2%2Fcomments&post=11611"}],"version-history":[{"count":2,"href":"https:\/\/wgphoto.pl\/t\/index.php?rest_route=\/wp\/v2\/posts\/11611\/revisions"}],"predecessor-version":[{"id":11680,"href":"https:\/\/wgphoto.pl\/t\/index.php?rest_route=\/wp\/v2\/posts\/11611\/revisions\/11680"}],"wp:featuredmedia":[{"embeddable":true,"href":"https:\/\/wgphoto.pl\/t\/index.php?rest_route=\/wp\/v2\/media\/11679"}],"wp:attachment":[{"href":"https:\/\/wgphoto.pl\/t\/index.php?rest_route=%2Fwp%2Fv2%2Fmedia&parent=11611"}],"wp:term":[{"taxonomy":"category","embeddable":true,"href":"https:\/\/wgphoto.pl\/t\/index.php?rest_route=%2Fwp%2Fv2%2Fcategories&post=11611"},{"taxonomy":"post_tag","embeddable":true,"href":"https:\/\/wgphoto.pl\/t\/index.php?rest_route=%2Fwp%2Fv2%2Ftags&post=11611"}],"curies":[{"name":"wp","href":"https:\/\/api.w.org\/{rel}","templated":true}]}}