{"id":11614,"date":"2025-02-07T22:41:34","date_gmt":"2025-02-07T21:41:34","guid":{"rendered":"https:\/\/wgphoto.pl\/t\/?p=11614"},"modified":"2025-02-08T22:53:47","modified_gmt":"2025-02-08T21:53:47","slug":"plastikowa-trawa","status":"publish","type":"post","link":"https:\/\/wgphoto.pl\/t\/?p=11614","title":{"rendered":"Plastikowa trawa"},"content":{"rendered":"\n<figure class=\"wp-block-image aligncenter size-full\"><img loading=\"lazy\" decoding=\"async\" width=\"1400\" height=\"937\" src=\"https:\/\/wgphoto.pl\/t\/wp-content\/uploads\/2025\/02\/IMGP1189.jpg\" alt=\"\" class=\"wp-image-11677\" srcset=\"https:\/\/wgphoto.pl\/t\/wp-content\/uploads\/2025\/02\/IMGP1189.jpg 1400w, https:\/\/wgphoto.pl\/t\/wp-content\/uploads\/2025\/02\/IMGP1189-300x201.jpg 300w, https:\/\/wgphoto.pl\/t\/wp-content\/uploads\/2025\/02\/IMGP1189-768x514.jpg 768w\" sizes=\"auto, (max-width: 1400px) 100vw, 1400px\" \/><\/figure>\n\n\n\n<div class=\"wp-block-group has-global-padding is-layout-constrained wp-block-group-is-layout-constrained\">\n<p>Przystanek Los Rectores &#8211; Terra Natura jest punktem w\u0119z\u0142owym, gdzie z przemierzaj\u0105cych ca\u0142e (powiedzmy\u2026) miasto tramwaj\u00f3w linii 1 mo\u017cna si\u0119 przesi\u0105\u015b\u0107 na wahad\u0142o linii L, dowo\u017c\u0105ce do Katolickiego Uniwersytetu \u015aw. Antoniego (UCAM = Universidad Cat\u00f3lica San Antonio de Murcia). Jak wida\u0107 na wy\u015bwietlaczu &#8211; oznaczenia linii nie s\u0105 na taborze eksponowane, natomiast pojazdy obs\u0142uguj\u0105ce obie trasy mo\u017cna na pierwszy rzut oka odr\u00f3\u017cni\u0107 po tym, \u017ce kra\u0144ce linii L prezentowane s\u0105 w negatywie. &#8222;Elka&#8221; na wsp\u00f3lnym przystanku ko\u0144czy bieg na \u017ceberku po\u0142o\u017conym pomi\u0119dzy torami szlakowymi. Torowisko jest w tym miejscu wy\u0142o\u017cone sztuczn\u0105 traw\u0105, bardzo s\u0142abo imituj\u0105c\u0105 prawdziwe &#8222;zielone torowisko&#8221;, gdy\u017c plastikiem z tej imitacji jedzie na kilometr. 05.12.2012<\/p>\n<\/div>\n","protected":false},"excerpt":{"rendered":"<p>Przystanek Los Rectores &#8211; Terra Natura jest punktem w\u0119z\u0142owym, gdzie z przemierzaj\u0105cych ca\u0142e (powiedzmy\u2026) miasto tramwaj\u00f3w linii 1 mo\u017cna si\u0119 przesi\u0105\u015b\u0107 na wahad\u0142o linii L, dowo\u017c\u0105ce do Katolickiego Uniwersytetu \u015aw. Antoniego (UCAM = Universidad Cat\u00f3lica San Antonio de Murcia). Jak wida\u0107 na wy\u015bwietlaczu &#8211; oznaczenia linii nie s\u0105 na taborze eksponowane, natomiast pojazdy obs\u0142uguj\u0105ce obie [&hellip;]<\/p>\n","protected":false},"author":1,"featured_media":11677,"comment_status":"open","ping_status":"","sticky":false,"template":"","format":"standard","meta":{"footnotes":""},"categories":[46,3],"tags":[1835,170,159,2033,2032],"class_list":["post-11614","post","type-post","status-publish","format-standard","has-post-thumbnail","hentry","category-rok-2012","category-tramwaj","tag-2012-12-05","tag-alstom-citadis302","tag-hiszpania","tag-murcja","tag-tranvia-de-murcia"],"_links":{"self":[{"href":"https:\/\/wgphoto.pl\/t\/index.php?rest_route=\/wp\/v2\/posts\/11614","targetHints":{"allow":["GET"]}}],"collection":[{"href":"https:\/\/wgphoto.pl\/t\/index.php?rest_route=\/wp\/v2\/posts"}],"about":[{"href":"https:\/\/wgphoto.pl\/t\/index.php?rest_route=\/wp\/v2\/types\/post"}],"author":[{"embeddable":true,"href":"https:\/\/wgphoto.pl\/t\/index.php?rest_route=\/wp\/v2\/users\/1"}],"replies":[{"embeddable":true,"href":"https:\/\/wgphoto.pl\/t\/index.php?rest_route=%2Fwp%2Fv2%2Fcomments&post=11614"}],"version-history":[{"count":2,"href":"https:\/\/wgphoto.pl\/t\/index.php?rest_route=\/wp\/v2\/posts\/11614\/revisions"}],"predecessor-version":[{"id":11678,"href":"https:\/\/wgphoto.pl\/t\/index.php?rest_route=\/wp\/v2\/posts\/11614\/revisions\/11678"}],"wp:featuredmedia":[{"embeddable":true,"href":"https:\/\/wgphoto.pl\/t\/index.php?rest_route=\/wp\/v2\/media\/11677"}],"wp:attachment":[{"href":"https:\/\/wgphoto.pl\/t\/index.php?rest_route=%2Fwp%2Fv2%2Fmedia&parent=11614"}],"wp:term":[{"taxonomy":"category","embeddable":true,"href":"https:\/\/wgphoto.pl\/t\/index.php?rest_route=%2Fwp%2Fv2%2Fcategories&post=11614"},{"taxonomy":"post_tag","embeddable":true,"href":"https:\/\/wgphoto.pl\/t\/index.php?rest_route=%2Fwp%2Fv2%2Ftags&post=11614"}],"curies":[{"name":"wp","href":"https:\/\/api.w.org\/{rel}","templated":true}]}}