{"id":11656,"date":"2025-02-07T23:08:21","date_gmt":"2025-02-07T22:08:21","guid":{"rendered":"https:\/\/wgphoto.pl\/t\/?p=11656"},"modified":"2025-02-07T23:08:43","modified_gmt":"2025-02-07T22:08:43","slug":"kt4yu-nr-347","status":"publish","type":"post","link":"https:\/\/wgphoto.pl\/t\/?p=11656","title":{"rendered":"KT4YU nr 347"},"content":{"rendered":"\n<figure class=\"wp-block-image aligncenter size-full\"><img loading=\"lazy\" decoding=\"async\" width=\"1200\" height=\"800\" src=\"https:\/\/wgphoto.pl\/t\/wp-content\/uploads\/2025\/02\/IMGP1870.jpg\" alt=\"\" class=\"wp-image-11657\" srcset=\"https:\/\/wgphoto.pl\/t\/wp-content\/uploads\/2025\/02\/IMGP1870.jpg 1200w, https:\/\/wgphoto.pl\/t\/wp-content\/uploads\/2025\/02\/IMGP1870-300x200.jpg 300w, https:\/\/wgphoto.pl\/t\/wp-content\/uploads\/2025\/02\/IMGP1870-768x512.jpg 768w\" sizes=\"auto, (max-width: 1200px) 100vw, 1200px\" \/><\/figure>\n\n\n\n<div class=\"wp-block-group has-global-padding is-layout-constrained wp-block-group-is-layout-constrained\">\n<p>Zagrzeb, Trg kralja Tomislava. Z przystanku pod dworcem odje\u017cd\u017ca przedstawiciel bardzo fotogenicznej imho serii tramwaj\u00f3w, jak\u0105 s\u0105 Tatry KT4. Pomimo oznacze\u0144 nad drzwiami jako\u015b nie zauwa\u017cy\u0142em \u017ceby przywi\u0105zywano szczeg\u00f3ln\u0105 wag\u0119 do wchodzenia wej\u015bciem i wychodzenia wyj\u015bciem. 18.08.2015<\/p>\n<\/div>\n","protected":false},"excerpt":{"rendered":"<p>Zagrzeb, Trg kralja Tomislava. Z przystanku pod dworcem odje\u017cd\u017ca przedstawiciel bardzo fotogenicznej imho serii tramwaj\u00f3w, jak\u0105 s\u0105 Tatry KT4. Pomimo oznacze\u0144 nad drzwiami jako\u015b nie zauwa\u017cy\u0142em \u017ceby przywi\u0105zywano szczeg\u00f3ln\u0105 wag\u0119 do wchodzenia wej\u015bciem i wychodzenia wyj\u015bciem. 18.08.2015<\/p>\n","protected":false},"author":1,"featured_media":11657,"comment_status":"open","ping_status":"","sticky":false,"template":"","format":"standard","meta":{"footnotes":""},"categories":[104,3],"tags":[1809,459,380,33,107,3134,477,478],"class_list":["post-11656","post","type-post","status-publish","format-standard","has-post-thumbnail","hentry","category-rok-2015","category-tramwaj","tag-2015-08-18","tag-chorwacja","tag-spod-dworca","tag-tatra-kt4","tag-wakacje-2015","tag-zagreb-glavni-kolodvor","tag-zagrzeb","tag-zet-zagreb"],"_links":{"self":[{"href":"https:\/\/wgphoto.pl\/t\/index.php?rest_route=\/wp\/v2\/posts\/11656","targetHints":{"allow":["GET"]}}],"collection":[{"href":"https:\/\/wgphoto.pl\/t\/index.php?rest_route=\/wp\/v2\/posts"}],"about":[{"href":"https:\/\/wgphoto.pl\/t\/index.php?rest_route=\/wp\/v2\/types\/post"}],"author":[{"embeddable":true,"href":"https:\/\/wgphoto.pl\/t\/index.php?rest_route=\/wp\/v2\/users\/1"}],"replies":[{"embeddable":true,"href":"https:\/\/wgphoto.pl\/t\/index.php?rest_route=%2Fwp%2Fv2%2Fcomments&post=11656"}],"version-history":[{"count":1,"href":"https:\/\/wgphoto.pl\/t\/index.php?rest_route=\/wp\/v2\/posts\/11656\/revisions"}],"predecessor-version":[{"id":11658,"href":"https:\/\/wgphoto.pl\/t\/index.php?rest_route=\/wp\/v2\/posts\/11656\/revisions\/11658"}],"wp:featuredmedia":[{"embeddable":true,"href":"https:\/\/wgphoto.pl\/t\/index.php?rest_route=\/wp\/v2\/media\/11657"}],"wp:attachment":[{"href":"https:\/\/wgphoto.pl\/t\/index.php?rest_route=%2Fwp%2Fv2%2Fmedia&parent=11656"}],"wp:term":[{"taxonomy":"category","embeddable":true,"href":"https:\/\/wgphoto.pl\/t\/index.php?rest_route=%2Fwp%2Fv2%2Fcategories&post=11656"},{"taxonomy":"post_tag","embeddable":true,"href":"https:\/\/wgphoto.pl\/t\/index.php?rest_route=%2Fwp%2Fv2%2Ftags&post=11656"}],"curies":[{"name":"wp","href":"https:\/\/api.w.org\/{rel}","templated":true}]}}