{"id":11662,"date":"2025-02-08T14:11:58","date_gmt":"2025-02-08T13:11:58","guid":{"rendered":"https:\/\/wgphoto.pl\/t\/?p=11662"},"modified":"2025-02-08T14:11:58","modified_gmt":"2025-02-08T13:11:58","slug":"ep07-542-w-krainie-lodu","status":"publish","type":"post","link":"https:\/\/wgphoto.pl\/t\/?p=11662","title":{"rendered":"EP07-542 w krainie lodu"},"content":{"rendered":"\n<figure class=\"wp-block-image aligncenter size-full\"><img loading=\"lazy\" decoding=\"async\" width=\"1399\" height=\"933\" src=\"https:\/\/wgphoto.pl\/t\/wp-content\/uploads\/2025\/02\/0502-30_rsn.jpg\" alt=\"\" class=\"wp-image-11663\" srcset=\"https:\/\/wgphoto.pl\/t\/wp-content\/uploads\/2025\/02\/0502-30_rsn.jpg 1399w, https:\/\/wgphoto.pl\/t\/wp-content\/uploads\/2025\/02\/0502-30_rsn-300x200.jpg 300w, https:\/\/wgphoto.pl\/t\/wp-content\/uploads\/2025\/02\/0502-30_rsn-768x512.jpg 768w\" sizes=\"auto, (max-width: 1399px) 100vw, 1399px\" \/><\/figure>\n\n\n\n<div class=\"wp-block-group has-global-padding is-layout-constrained wp-block-group-is-layout-constrained\">\n<p>EP07-542 z poci\u0105giem pospiesznym 68504 &#8222;Wiking&#8221; relacji Szklarska Por\u0119ba G\u00f3rna &#8211; Szczecin G\u0142\u00f3wny mija zimowy Marcisz\u00f3w. [05.02.2005]<\/p>\n<\/div>\n","protected":false},"excerpt":{"rendered":"<p>EP07-542 z poci\u0105giem pospiesznym 68504 &#8222;Wiking&#8221; relacji Szklarska Por\u0119ba G\u00f3rna &#8211; Szczecin G\u0142\u00f3wny mija zimowy Marcisz\u00f3w. [05.02.2005]<\/p>\n","protected":false},"author":1,"featured_media":11663,"comment_status":"open","ping_status":"","sticky":false,"template":"","format":"standard","meta":{"footnotes":""},"categories":[62,2,311],"tags":[3135,124,83,63,27,1061,44,200],"class_list":["post-11662","post","type-post","status-publish","format-standard","has-post-thumbnail","hentry","category-analog","category-kolej","category-rok-2005","tag-2005-02-05","tag-ep07","tag-marciszow","tag-pkp","tag-polska","tag-sedzislaw","tag-snieg","tag-tab-pl240"],"_links":{"self":[{"href":"https:\/\/wgphoto.pl\/t\/index.php?rest_route=\/wp\/v2\/posts\/11662","targetHints":{"allow":["GET"]}}],"collection":[{"href":"https:\/\/wgphoto.pl\/t\/index.php?rest_route=\/wp\/v2\/posts"}],"about":[{"href":"https:\/\/wgphoto.pl\/t\/index.php?rest_route=\/wp\/v2\/types\/post"}],"author":[{"embeddable":true,"href":"https:\/\/wgphoto.pl\/t\/index.php?rest_route=\/wp\/v2\/users\/1"}],"replies":[{"embeddable":true,"href":"https:\/\/wgphoto.pl\/t\/index.php?rest_route=%2Fwp%2Fv2%2Fcomments&post=11662"}],"version-history":[{"count":1,"href":"https:\/\/wgphoto.pl\/t\/index.php?rest_route=\/wp\/v2\/posts\/11662\/revisions"}],"predecessor-version":[{"id":11664,"href":"https:\/\/wgphoto.pl\/t\/index.php?rest_route=\/wp\/v2\/posts\/11662\/revisions\/11664"}],"wp:featuredmedia":[{"embeddable":true,"href":"https:\/\/wgphoto.pl\/t\/index.php?rest_route=\/wp\/v2\/media\/11663"}],"wp:attachment":[{"href":"https:\/\/wgphoto.pl\/t\/index.php?rest_route=%2Fwp%2Fv2%2Fmedia&parent=11662"}],"wp:term":[{"taxonomy":"category","embeddable":true,"href":"https:\/\/wgphoto.pl\/t\/index.php?rest_route=%2Fwp%2Fv2%2Fcategories&post=11662"},{"taxonomy":"post_tag","embeddable":true,"href":"https:\/\/wgphoto.pl\/t\/index.php?rest_route=%2Fwp%2Fv2%2Ftags&post=11662"}],"curies":[{"name":"wp","href":"https:\/\/api.w.org\/{rel}","templated":true}]}}