{"id":11668,"date":"2025-02-08T14:18:08","date_gmt":"2025-02-08T13:18:08","guid":{"rendered":"https:\/\/wgphoto.pl\/t\/?p=11668"},"modified":"2025-02-08T14:18:08","modified_gmt":"2025-02-08T13:18:08","slug":"mijanka-na-rynku","status":"publish","type":"post","link":"https:\/\/wgphoto.pl\/t\/?p=11668","title":{"rendered":"Mijanka na rynku"},"content":{"rendered":"\n<figure class=\"wp-block-image aligncenter size-full\"><img loading=\"lazy\" decoding=\"async\" width=\"1400\" height=\"937\" src=\"https:\/\/wgphoto.pl\/t\/wp-content\/uploads\/2025\/02\/IMGP3690.jpg\" alt=\"\" class=\"wp-image-11669\" srcset=\"https:\/\/wgphoto.pl\/t\/wp-content\/uploads\/2025\/02\/IMGP3690.jpg 1400w, https:\/\/wgphoto.pl\/t\/wp-content\/uploads\/2025\/02\/IMGP3690-300x201.jpg 300w, https:\/\/wgphoto.pl\/t\/wp-content\/uploads\/2025\/02\/IMGP3690-768x514.jpg 768w\" sizes=\"auto, (max-width: 1400px) 100vw, 1400px\" \/><\/figure>\n\n\n\n<div class=\"wp-block-group has-global-padding is-layout-constrained wp-block-group-is-layout-constrained\">\n<p>Upalny, letni wiecz\u00f3r na osijeckim rynku. Przebiega t\u0119dy tak\u017ce trasa drugiej linii tramwajowej. Przyfarci\u0142o mi si\u0119 z\u0142apa\u0107 mijank\u0119 dw\u00f3ch woz\u00f3w, chocia\u017c rozk\u0142ad jazdy takowej nie przewidywa\u0142 (trasa jest dwutorowa). 25.08.2011<\/p>\n<\/div>\n","protected":false},"excerpt":{"rendered":"<p>Upalny, letni wiecz\u00f3r na osijeckim rynku. Przebiega t\u0119dy tak\u017ce trasa drugiej linii tramwajowej. Przyfarci\u0142o mi si\u0119 z\u0142apa\u0107 mijank\u0119 dw\u00f3ch woz\u00f3w, chocia\u017c rozk\u0142ad jazdy takowej nie przewidywa\u0142 (trasa jest dwutorowa). 25.08.2011<\/p>\n","protected":false},"author":1,"featured_media":11669,"comment_status":"open","ping_status":"","sticky":false,"template":"","format":"standard","meta":{"footnotes":""},"categories":[77,3],"tags":[460,91,459,239,457,389,458,1011,90],"class_list":["post-11668","post","type-post","status-publish","format-standard","has-post-thumbnail","hentry","category-rok-2011","category-tramwaj","tag-2011-08-25","tag-blue-hour","tag-chorwacja","tag-deptak","tag-gpp-osijek","tag-mijanka","tag-osijek","tag-tatra-t3","tag-wieczorem"],"_links":{"self":[{"href":"https:\/\/wgphoto.pl\/t\/index.php?rest_route=\/wp\/v2\/posts\/11668","targetHints":{"allow":["GET"]}}],"collection":[{"href":"https:\/\/wgphoto.pl\/t\/index.php?rest_route=\/wp\/v2\/posts"}],"about":[{"href":"https:\/\/wgphoto.pl\/t\/index.php?rest_route=\/wp\/v2\/types\/post"}],"author":[{"embeddable":true,"href":"https:\/\/wgphoto.pl\/t\/index.php?rest_route=\/wp\/v2\/users\/1"}],"replies":[{"embeddable":true,"href":"https:\/\/wgphoto.pl\/t\/index.php?rest_route=%2Fwp%2Fv2%2Fcomments&post=11668"}],"version-history":[{"count":1,"href":"https:\/\/wgphoto.pl\/t\/index.php?rest_route=\/wp\/v2\/posts\/11668\/revisions"}],"predecessor-version":[{"id":11670,"href":"https:\/\/wgphoto.pl\/t\/index.php?rest_route=\/wp\/v2\/posts\/11668\/revisions\/11670"}],"wp:featuredmedia":[{"embeddable":true,"href":"https:\/\/wgphoto.pl\/t\/index.php?rest_route=\/wp\/v2\/media\/11669"}],"wp:attachment":[{"href":"https:\/\/wgphoto.pl\/t\/index.php?rest_route=%2Fwp%2Fv2%2Fmedia&parent=11668"}],"wp:term":[{"taxonomy":"category","embeddable":true,"href":"https:\/\/wgphoto.pl\/t\/index.php?rest_route=%2Fwp%2Fv2%2Fcategories&post=11668"},{"taxonomy":"post_tag","embeddable":true,"href":"https:\/\/wgphoto.pl\/t\/index.php?rest_route=%2Fwp%2Fv2%2Ftags&post=11668"}],"curies":[{"name":"wp","href":"https:\/\/api.w.org\/{rel}","templated":true}]}}