{"id":11717,"date":"2025-02-09T14:56:07","date_gmt":"2025-02-09T13:56:07","guid":{"rendered":"https:\/\/wgphoto.pl\/t\/?p=11717"},"modified":"2025-02-09T14:56:07","modified_gmt":"2025-02-09T13:56:07","slug":"bez-ludzi","status":"publish","type":"post","link":"https:\/\/wgphoto.pl\/t\/?p=11717","title":{"rendered":"Bez ludzi"},"content":{"rendered":"\n<figure class=\"wp-block-image aligncenter size-full\"><img loading=\"lazy\" decoding=\"async\" width=\"990\" height=\"660\" src=\"https:\/\/wgphoto.pl\/t\/wp-content\/uploads\/2025\/02\/0902-13.jpg\" alt=\"\" class=\"wp-image-11718\" srcset=\"https:\/\/wgphoto.pl\/t\/wp-content\/uploads\/2025\/02\/0902-13.jpg 990w, https:\/\/wgphoto.pl\/t\/wp-content\/uploads\/2025\/02\/0902-13-300x200.jpg 300w, https:\/\/wgphoto.pl\/t\/wp-content\/uploads\/2025\/02\/0902-13-768x512.jpg 768w\" sizes=\"auto, (max-width: 990px) 100vw, 990px\" \/><\/figure>\n\n\n\n<div class=\"wp-block-group has-global-padding is-layout-constrained wp-block-group-is-layout-constrained\">\n<p>Praga, Malostransk\u00e9 n\u00e1m\u011bst\u00ed. Tramwaj podje\u017cd\u017ca tutaj co chwila, wi\u0119c raz jest t\u0142oczno, a za chwil\u0119 na peronie zostaje garstka pasa\u017cer\u00f3w. 16.02.2009<\/p>\n<\/div>\n","protected":false},"excerpt":{"rendered":"<p>Praga, Malostransk\u00e9 n\u00e1m\u011bst\u00ed. Tramwaj podje\u017cd\u017ca tutaj co chwila, wi\u0119c raz jest t\u0142oczno, a za chwil\u0119 na peronie zostaje garstka pasa\u017cer\u00f3w. 16.02.2009<\/p>\n","protected":false},"author":1,"featured_media":11718,"comment_status":"open","ping_status":"","sticky":false,"template":"","format":"standard","meta":{"footnotes":""},"categories":[62,169,3],"tags":[1497,34,49,1049,52,1496,216,44],"class_list":["post-11717","post","type-post","status-publish","format-standard","has-post-thumbnail","hentry","category-analog","category-rok-2009","category-tramwaj","tag-2009-02-16","tag-architektura","tag-czechy","tag-dp-praha","tag-praga","tag-skoda-14t","tag-skoda-elektra","tag-snieg"],"_links":{"self":[{"href":"https:\/\/wgphoto.pl\/t\/index.php?rest_route=\/wp\/v2\/posts\/11717","targetHints":{"allow":["GET"]}}],"collection":[{"href":"https:\/\/wgphoto.pl\/t\/index.php?rest_route=\/wp\/v2\/posts"}],"about":[{"href":"https:\/\/wgphoto.pl\/t\/index.php?rest_route=\/wp\/v2\/types\/post"}],"author":[{"embeddable":true,"href":"https:\/\/wgphoto.pl\/t\/index.php?rest_route=\/wp\/v2\/users\/1"}],"replies":[{"embeddable":true,"href":"https:\/\/wgphoto.pl\/t\/index.php?rest_route=%2Fwp%2Fv2%2Fcomments&post=11717"}],"version-history":[{"count":1,"href":"https:\/\/wgphoto.pl\/t\/index.php?rest_route=\/wp\/v2\/posts\/11717\/revisions"}],"predecessor-version":[{"id":11719,"href":"https:\/\/wgphoto.pl\/t\/index.php?rest_route=\/wp\/v2\/posts\/11717\/revisions\/11719"}],"wp:featuredmedia":[{"embeddable":true,"href":"https:\/\/wgphoto.pl\/t\/index.php?rest_route=\/wp\/v2\/media\/11718"}],"wp:attachment":[{"href":"https:\/\/wgphoto.pl\/t\/index.php?rest_route=%2Fwp%2Fv2%2Fmedia&parent=11717"}],"wp:term":[{"taxonomy":"category","embeddable":true,"href":"https:\/\/wgphoto.pl\/t\/index.php?rest_route=%2Fwp%2Fv2%2Fcategories&post=11717"},{"taxonomy":"post_tag","embeddable":true,"href":"https:\/\/wgphoto.pl\/t\/index.php?rest_route=%2Fwp%2Fv2%2Ftags&post=11717"}],"curies":[{"name":"wp","href":"https:\/\/api.w.org\/{rel}","templated":true}]}}