{"id":11720,"date":"2025-02-09T14:57:17","date_gmt":"2025-02-09T13:57:17","guid":{"rendered":"https:\/\/wgphoto.pl\/t\/?p=11720"},"modified":"2025-02-09T14:57:17","modified_gmt":"2025-02-09T13:57:17","slug":"z-ludzmi","status":"publish","type":"post","link":"https:\/\/wgphoto.pl\/t\/?p=11720","title":{"rendered":"Z lud\u017ami"},"content":{"rendered":"\n<figure class=\"wp-block-image aligncenter size-full\"><img loading=\"lazy\" decoding=\"async\" width=\"990\" height=\"660\" src=\"https:\/\/wgphoto.pl\/t\/wp-content\/uploads\/2025\/02\/0902-12.jpg\" alt=\"\" class=\"wp-image-11721\" srcset=\"https:\/\/wgphoto.pl\/t\/wp-content\/uploads\/2025\/02\/0902-12.jpg 990w, https:\/\/wgphoto.pl\/t\/wp-content\/uploads\/2025\/02\/0902-12-300x200.jpg 300w, https:\/\/wgphoto.pl\/t\/wp-content\/uploads\/2025\/02\/0902-12-768x512.jpg 768w\" sizes=\"auto, (max-width: 990px) 100vw, 990px\" \/><\/figure>\n\n\n\n<div class=\"wp-block-group has-global-padding is-layout-constrained wp-block-group-is-layout-constrained\">\n<p>Praga, Malostransk\u00e9 n\u00e1m\u011bst\u00ed. Lubi\u0119 kadry, kt\u00f3rych naturalnym uzupe\u0142nieniem s\u0105 ludzie &#8211; tak naturalnym, jak liczni pasa\u017cerowie tramwaj\u00f3w w porannym szczycie komunikacyjnym lub te\u017c tury\u015bci na g\u0142\u00f3wnym szlaku spacerowym Pragi, \u0142\u0105cz\u0105cym Hradczany z Mostem Karola. 16.02.2009<\/p>\n<\/div>\n","protected":false},"excerpt":{"rendered":"<p>Praga, Malostransk\u00e9 n\u00e1m\u011bst\u00ed. Lubi\u0119 kadry, kt\u00f3rych naturalnym uzupe\u0142nieniem s\u0105 ludzie &#8211; tak naturalnym, jak liczni pasa\u017cerowie tramwaj\u00f3w w porannym szczycie komunikacyjnym lub te\u017c tury\u015bci na g\u0142\u00f3wnym szlaku spacerowym Pragi, \u0142\u0105cz\u0105cym Hradczany z Mostem Karola. 16.02.2009<\/p>\n","protected":false},"author":1,"featured_media":11721,"comment_status":"open","ping_status":"","sticky":false,"template":"","format":"standard","meta":{"footnotes":""},"categories":[62,169,3],"tags":[1497,34,49,1049,151,52,1496,216,44,1011],"class_list":["post-11720","post","type-post","status-publish","format-standard","has-post-thumbnail","hentry","category-analog","category-rok-2009","category-tramwaj","tag-2009-02-16","tag-architektura","tag-czechy","tag-dp-praha","tag-ludzie","tag-praga","tag-skoda-14t","tag-skoda-elektra","tag-snieg","tag-tatra-t3"],"_links":{"self":[{"href":"https:\/\/wgphoto.pl\/t\/index.php?rest_route=\/wp\/v2\/posts\/11720","targetHints":{"allow":["GET"]}}],"collection":[{"href":"https:\/\/wgphoto.pl\/t\/index.php?rest_route=\/wp\/v2\/posts"}],"about":[{"href":"https:\/\/wgphoto.pl\/t\/index.php?rest_route=\/wp\/v2\/types\/post"}],"author":[{"embeddable":true,"href":"https:\/\/wgphoto.pl\/t\/index.php?rest_route=\/wp\/v2\/users\/1"}],"replies":[{"embeddable":true,"href":"https:\/\/wgphoto.pl\/t\/index.php?rest_route=%2Fwp%2Fv2%2Fcomments&post=11720"}],"version-history":[{"count":1,"href":"https:\/\/wgphoto.pl\/t\/index.php?rest_route=\/wp\/v2\/posts\/11720\/revisions"}],"predecessor-version":[{"id":11722,"href":"https:\/\/wgphoto.pl\/t\/index.php?rest_route=\/wp\/v2\/posts\/11720\/revisions\/11722"}],"wp:featuredmedia":[{"embeddable":true,"href":"https:\/\/wgphoto.pl\/t\/index.php?rest_route=\/wp\/v2\/media\/11721"}],"wp:attachment":[{"href":"https:\/\/wgphoto.pl\/t\/index.php?rest_route=%2Fwp%2Fv2%2Fmedia&parent=11720"}],"wp:term":[{"taxonomy":"category","embeddable":true,"href":"https:\/\/wgphoto.pl\/t\/index.php?rest_route=%2Fwp%2Fv2%2Fcategories&post=11720"},{"taxonomy":"post_tag","embeddable":true,"href":"https:\/\/wgphoto.pl\/t\/index.php?rest_route=%2Fwp%2Fv2%2Ftags&post=11720"}],"curies":[{"name":"wp","href":"https:\/\/api.w.org\/{rel}","templated":true}]}}