{"id":11726,"date":"2025-02-09T14:59:13","date_gmt":"2025-02-09T13:59:13","guid":{"rendered":"https:\/\/wgphoto.pl\/t\/?p=11726"},"modified":"2025-02-09T14:59:13","modified_gmt":"2025-02-09T13:59:13","slug":"przystanek-czechoslowacki","status":"publish","type":"post","link":"https:\/\/wgphoto.pl\/t\/?p=11726","title":{"rendered":"Przystanek czechos\u0142owacki"},"content":{"rendered":"\n<figure class=\"wp-block-image aligncenter size-full\"><img loading=\"lazy\" decoding=\"async\" width=\"990\" height=\"660\" src=\"https:\/\/wgphoto.pl\/t\/wp-content\/uploads\/2025\/02\/0902-22.jpg\" alt=\"\" class=\"wp-image-11727\" srcset=\"https:\/\/wgphoto.pl\/t\/wp-content\/uploads\/2025\/02\/0902-22.jpg 990w, https:\/\/wgphoto.pl\/t\/wp-content\/uploads\/2025\/02\/0902-22-300x200.jpg 300w, https:\/\/wgphoto.pl\/t\/wp-content\/uploads\/2025\/02\/0902-22-768x512.jpg 768w\" sizes=\"auto, (max-width: 990px) 100vw, 990px\" \/><\/figure>\n\n\n\n<div class=\"wp-block-group has-global-padding is-layout-constrained wp-block-group-is-layout-constrained\">\n<p>Okre\u015blenie takie chyba nie funkcjonuje w bran\u017cy, jednak\u017ce takie w\u0142a\u015bnie przystanki jak Vr\u0161ovick\u00e9 n\u00e1m\u011bst\u00ed w Pradze &#8211; dochodzone z chodnika, cho\u0107 wyposa\u017cone w w\u0105ski peron, s\u0105 bardzo charakterystyczne dla czeskich sieci tramwajowych. 16.02.2009<\/p>\n<\/div>\n","protected":false},"excerpt":{"rendered":"<p>Okre\u015blenie takie chyba nie funkcjonuje w bran\u017cy, jednak\u017ce takie w\u0142a\u015bnie przystanki jak Vr\u0161ovick\u00e9 n\u00e1m\u011bst\u00ed w Pradze &#8211; dochodzone z chodnika, cho\u0107 wyposa\u017cone w w\u0105ski peron, s\u0105 bardzo charakterystyczne dla czeskich sieci tramwajowych. 16.02.2009<\/p>\n","protected":false},"author":1,"featured_media":11727,"comment_status":"open","ping_status":"","sticky":false,"template":"","format":"standard","meta":{"footnotes":""},"categories":[62,169,3],"tags":[1497,49,1049,230,151,52,219,1011],"class_list":["post-11726","post","type-post","status-publish","format-standard","has-post-thumbnail","hentry","category-analog","category-rok-2009","category-tramwaj","tag-2009-02-16","tag-czechy","tag-dp-praha","tag-infrastruktura","tag-ludzie","tag-praga","tag-przystanek","tag-tatra-t3"],"_links":{"self":[{"href":"https:\/\/wgphoto.pl\/t\/index.php?rest_route=\/wp\/v2\/posts\/11726","targetHints":{"allow":["GET"]}}],"collection":[{"href":"https:\/\/wgphoto.pl\/t\/index.php?rest_route=\/wp\/v2\/posts"}],"about":[{"href":"https:\/\/wgphoto.pl\/t\/index.php?rest_route=\/wp\/v2\/types\/post"}],"author":[{"embeddable":true,"href":"https:\/\/wgphoto.pl\/t\/index.php?rest_route=\/wp\/v2\/users\/1"}],"replies":[{"embeddable":true,"href":"https:\/\/wgphoto.pl\/t\/index.php?rest_route=%2Fwp%2Fv2%2Fcomments&post=11726"}],"version-history":[{"count":1,"href":"https:\/\/wgphoto.pl\/t\/index.php?rest_route=\/wp\/v2\/posts\/11726\/revisions"}],"predecessor-version":[{"id":11728,"href":"https:\/\/wgphoto.pl\/t\/index.php?rest_route=\/wp\/v2\/posts\/11726\/revisions\/11728"}],"wp:featuredmedia":[{"embeddable":true,"href":"https:\/\/wgphoto.pl\/t\/index.php?rest_route=\/wp\/v2\/media\/11727"}],"wp:attachment":[{"href":"https:\/\/wgphoto.pl\/t\/index.php?rest_route=%2Fwp%2Fv2%2Fmedia&parent=11726"}],"wp:term":[{"taxonomy":"category","embeddable":true,"href":"https:\/\/wgphoto.pl\/t\/index.php?rest_route=%2Fwp%2Fv2%2Fcategories&post=11726"},{"taxonomy":"post_tag","embeddable":true,"href":"https:\/\/wgphoto.pl\/t\/index.php?rest_route=%2Fwp%2Fv2%2Ftags&post=11726"}],"curies":[{"name":"wp","href":"https:\/\/api.w.org\/{rel}","templated":true}]}}