{"id":11729,"date":"2025-02-09T15:00:06","date_gmt":"2025-02-09T14:00:06","guid":{"rendered":"https:\/\/wgphoto.pl\/t\/?p=11729"},"modified":"2025-02-09T15:00:06","modified_gmt":"2025-02-09T14:00:06","slug":"residenzschlos","status":"publish","type":"post","link":"https:\/\/wgphoto.pl\/t\/?p=11729","title":{"rendered":"Residenzschlo\u00df"},"content":{"rendered":"\n<figure class=\"wp-block-image aligncenter size-full\"><img loading=\"lazy\" decoding=\"async\" width=\"600\" height=\"850\" src=\"https:\/\/wgphoto.pl\/t\/wp-content\/uploads\/2025\/02\/0805-31.jpg\" alt=\"\" class=\"wp-image-11730\" srcset=\"https:\/\/wgphoto.pl\/t\/wp-content\/uploads\/2025\/02\/0805-31.jpg 600w, https:\/\/wgphoto.pl\/t\/wp-content\/uploads\/2025\/02\/0805-31-212x300.jpg 212w\" sizes=\"auto, (max-width: 600px) 100vw, 600px\" \/><\/figure>\n\n\n\n<div class=\"wp-block-group has-global-padding is-layout-constrained wp-block-group-is-layout-constrained\">\n<p>Drezno, Sophienstra\u00dfe. NGT6DD 2539 przeje\u017cd\u017ca przez odbudowane ze zniszcze\u0144 wojennych drezde\u0144skie Stare Miasto, mijaj\u0105c mi\u0119dzy innymi widoczn\u0105 w tle Rezydencj\u0119 Wettyn\u00f3w. 05.04.2008<\/p>\n<\/div>\n","protected":false},"excerpt":{"rendered":"<p>Drezno, Sophienstra\u00dfe. NGT6DD 2539 przeje\u017cd\u017ca przez odbudowane ze zniszcze\u0144 wojennych drezde\u0144skie Stare Miasto, mijaj\u0105c mi\u0119dzy innymi widoczn\u0105 w tle Rezydencj\u0119 Wettyn\u00f3w. 05.04.2008<\/p>\n","protected":false},"author":1,"featured_media":11730,"comment_status":"open","ping_status":"","sticky":false,"template":"","format":"standard","meta":{"footnotes":""},"categories":[62,128,120,3],"tags":[2914,34,851,850,23,853],"class_list":["post-11729","post","type-post","status-publish","format-standard","has-post-thumbnail","hentry","category-analog","category-pionowe","category-rok-2008","category-tramwaj","tag-2008-04-05","tag-architektura","tag-drezno","tag-dvb-dresden","tag-niemcy","tag-sachsen-tram"],"_links":{"self":[{"href":"https:\/\/wgphoto.pl\/t\/index.php?rest_route=\/wp\/v2\/posts\/11729","targetHints":{"allow":["GET"]}}],"collection":[{"href":"https:\/\/wgphoto.pl\/t\/index.php?rest_route=\/wp\/v2\/posts"}],"about":[{"href":"https:\/\/wgphoto.pl\/t\/index.php?rest_route=\/wp\/v2\/types\/post"}],"author":[{"embeddable":true,"href":"https:\/\/wgphoto.pl\/t\/index.php?rest_route=\/wp\/v2\/users\/1"}],"replies":[{"embeddable":true,"href":"https:\/\/wgphoto.pl\/t\/index.php?rest_route=%2Fwp%2Fv2%2Fcomments&post=11729"}],"version-history":[{"count":1,"href":"https:\/\/wgphoto.pl\/t\/index.php?rest_route=\/wp\/v2\/posts\/11729\/revisions"}],"predecessor-version":[{"id":11731,"href":"https:\/\/wgphoto.pl\/t\/index.php?rest_route=\/wp\/v2\/posts\/11729\/revisions\/11731"}],"wp:featuredmedia":[{"embeddable":true,"href":"https:\/\/wgphoto.pl\/t\/index.php?rest_route=\/wp\/v2\/media\/11730"}],"wp:attachment":[{"href":"https:\/\/wgphoto.pl\/t\/index.php?rest_route=%2Fwp%2Fv2%2Fmedia&parent=11729"}],"wp:term":[{"taxonomy":"category","embeddable":true,"href":"https:\/\/wgphoto.pl\/t\/index.php?rest_route=%2Fwp%2Fv2%2Fcategories&post=11729"},{"taxonomy":"post_tag","embeddable":true,"href":"https:\/\/wgphoto.pl\/t\/index.php?rest_route=%2Fwp%2Fv2%2Ftags&post=11729"}],"curies":[{"name":"wp","href":"https:\/\/api.w.org\/{rel}","templated":true}]}}