{"id":11735,"date":"2025-02-09T15:02:06","date_gmt":"2025-02-09T14:02:06","guid":{"rendered":"https:\/\/wgphoto.pl\/t\/?p=11735"},"modified":"2025-02-09T15:02:06","modified_gmt":"2025-02-09T14:02:06","slug":"kamieniolom-2","status":"publish","type":"post","link":"https:\/\/wgphoto.pl\/t\/?p=11735","title":{"rendered":"Kamienio\u0142om"},"content":{"rendered":"\n<figure class=\"wp-block-image aligncenter size-full\"><img loading=\"lazy\" decoding=\"async\" width=\"1024\" height=\"683\" src=\"https:\/\/wgphoto.pl\/t\/wp-content\/uploads\/2025\/02\/IMGP4459.jpg\" alt=\"\" class=\"wp-image-11736\" srcset=\"https:\/\/wgphoto.pl\/t\/wp-content\/uploads\/2025\/02\/IMGP4459.jpg 1024w, https:\/\/wgphoto.pl\/t\/wp-content\/uploads\/2025\/02\/IMGP4459-300x200.jpg 300w, https:\/\/wgphoto.pl\/t\/wp-content\/uploads\/2025\/02\/IMGP4459-768x512.jpg 768w\" sizes=\"auto, (max-width: 1024px) 100vw, 1024px\" \/><\/figure>\n\n\n\n<div class=\"wp-block-group has-global-padding is-layout-constrained wp-block-group-is-layout-constrained\">\n<p>Kr\u00e1lovec &#8211; Bernartice u Trutnova. SA134-005 jako poc. osob. 25403 z Jeleniej G\u00f3ry do Trutnova mija G\u00f3ry Krucze (czes. Vran\u00ed hory). 29.06.2013<\/p>\n<\/div>\n","protected":false},"excerpt":{"rendered":"<p>Kr\u00e1lovec &#8211; Bernartice u Trutnova. SA134-005 jako poc. osob. 25403 z Jeleniej G\u00f3ry do Trutnova mija G\u00f3ry Krucze (czes. Vran\u00ed hory). 29.06.2013<\/p>\n","protected":false},"author":1,"featured_media":11736,"comment_status":"open","ping_status":"","sticky":false,"template":"","format":"standard","meta":{"footnotes":""},"categories":[2,55],"tags":[1919,3139,49,114,249,402,3140,2586,3141],"class_list":["post-11735","post","type-post","status-publish","format-standard","has-post-thumbnail","hentry","category-kolej","category-rok-2013","tag-2013-06-29","tag-bernartice-u-trutnova","tag-czechy","tag-gory","tag-goscinne-wystepy","tag-kd","tag-kralovec","tag-sa134","tag-tab-cz043"],"_links":{"self":[{"href":"https:\/\/wgphoto.pl\/t\/index.php?rest_route=\/wp\/v2\/posts\/11735","targetHints":{"allow":["GET"]}}],"collection":[{"href":"https:\/\/wgphoto.pl\/t\/index.php?rest_route=\/wp\/v2\/posts"}],"about":[{"href":"https:\/\/wgphoto.pl\/t\/index.php?rest_route=\/wp\/v2\/types\/post"}],"author":[{"embeddable":true,"href":"https:\/\/wgphoto.pl\/t\/index.php?rest_route=\/wp\/v2\/users\/1"}],"replies":[{"embeddable":true,"href":"https:\/\/wgphoto.pl\/t\/index.php?rest_route=%2Fwp%2Fv2%2Fcomments&post=11735"}],"version-history":[{"count":1,"href":"https:\/\/wgphoto.pl\/t\/index.php?rest_route=\/wp\/v2\/posts\/11735\/revisions"}],"predecessor-version":[{"id":11737,"href":"https:\/\/wgphoto.pl\/t\/index.php?rest_route=\/wp\/v2\/posts\/11735\/revisions\/11737"}],"wp:featuredmedia":[{"embeddable":true,"href":"https:\/\/wgphoto.pl\/t\/index.php?rest_route=\/wp\/v2\/media\/11736"}],"wp:attachment":[{"href":"https:\/\/wgphoto.pl\/t\/index.php?rest_route=%2Fwp%2Fv2%2Fmedia&parent=11735"}],"wp:term":[{"taxonomy":"category","embeddable":true,"href":"https:\/\/wgphoto.pl\/t\/index.php?rest_route=%2Fwp%2Fv2%2Fcategories&post=11735"},{"taxonomy":"post_tag","embeddable":true,"href":"https:\/\/wgphoto.pl\/t\/index.php?rest_route=%2Fwp%2Fv2%2Ftags&post=11735"}],"curies":[{"name":"wp","href":"https:\/\/api.w.org\/{rel}","templated":true}]}}