{"id":11744,"date":"2025-02-09T15:05:20","date_gmt":"2025-02-09T14:05:20","guid":{"rendered":"https:\/\/wgphoto.pl\/t\/?p=11744"},"modified":"2025-02-09T15:05:20","modified_gmt":"2025-02-09T14:05:20","slug":"zagraniczna-pesa","status":"publish","type":"post","link":"https:\/\/wgphoto.pl\/t\/?p=11744","title":{"rendered":"Zagraniczna pesa"},"content":{"rendered":"\n<figure class=\"wp-block-image aligncenter size-full\"><img loading=\"lazy\" decoding=\"async\" width=\"900\" height=\"600\" src=\"https:\/\/wgphoto.pl\/t\/wp-content\/uploads\/2025\/02\/0812-26.jpg\" alt=\"\" class=\"wp-image-11745\" srcset=\"https:\/\/wgphoto.pl\/t\/wp-content\/uploads\/2025\/02\/0812-26.jpg 900w, https:\/\/wgphoto.pl\/t\/wp-content\/uploads\/2025\/02\/0812-26-300x200.jpg 300w, https:\/\/wgphoto.pl\/t\/wp-content\/uploads\/2025\/02\/0812-26-768x512.jpg 768w\" sizes=\"auto, (max-width: 900px) 100vw, 900px\" \/><\/figure>\n\n\n\n<div class=\"wp-block-group has-global-padding is-layout-constrained wp-block-group-is-layout-constrained\">\n<p>SA134-005 przyby\u0142 do Trutnova jako poranny osobowy z Jeleniej G\u00f3ry i pozuje do zdj\u0119cia z pojazdami produkcji czechos\u0142owackiej. By\u0142o to w\u00f3wczas jedyne miejsce, gdzie polski szynobus wypuszcza\u0142 si\u0119 poza granice kraju. 31.08.2008<\/p>\n<\/div>\n","protected":false},"excerpt":{"rendered":"<p>SA134-005 przyby\u0142 do Trutnova jako poranny osobowy z Jeleniej G\u00f3ry i pozuje do zdj\u0119cia z pojazdami produkcji czechos\u0142owackiej. By\u0142o to w\u00f3wczas jedyne miejsce, gdzie polski szynobus wypuszcza\u0142 si\u0119 poza granice kraju. 31.08.2008<\/p>\n","protected":false},"author":1,"featured_media":11745,"comment_status":"open","ping_status":"","sticky":false,"template":"","format":"standard","meta":{"footnotes":""},"categories":[62,2,120],"tags":[2115,92,50,49,249,63,2586,3141,2114],"class_list":["post-11744","post","type-post","status-publish","format-standard","has-post-thumbnail","hentry","category-analog","category-kolej","category-rok-2008","tag-2008-08-31","tag-92","tag-cd","tag-czechy","tag-goscinne-wystepy","tag-pkp","tag-sa134","tag-tab-cz043","tag-trutnov-hlavni-nadrazi"],"_links":{"self":[{"href":"https:\/\/wgphoto.pl\/t\/index.php?rest_route=\/wp\/v2\/posts\/11744","targetHints":{"allow":["GET"]}}],"collection":[{"href":"https:\/\/wgphoto.pl\/t\/index.php?rest_route=\/wp\/v2\/posts"}],"about":[{"href":"https:\/\/wgphoto.pl\/t\/index.php?rest_route=\/wp\/v2\/types\/post"}],"author":[{"embeddable":true,"href":"https:\/\/wgphoto.pl\/t\/index.php?rest_route=\/wp\/v2\/users\/1"}],"replies":[{"embeddable":true,"href":"https:\/\/wgphoto.pl\/t\/index.php?rest_route=%2Fwp%2Fv2%2Fcomments&post=11744"}],"version-history":[{"count":1,"href":"https:\/\/wgphoto.pl\/t\/index.php?rest_route=\/wp\/v2\/posts\/11744\/revisions"}],"predecessor-version":[{"id":11746,"href":"https:\/\/wgphoto.pl\/t\/index.php?rest_route=\/wp\/v2\/posts\/11744\/revisions\/11746"}],"wp:featuredmedia":[{"embeddable":true,"href":"https:\/\/wgphoto.pl\/t\/index.php?rest_route=\/wp\/v2\/media\/11745"}],"wp:attachment":[{"href":"https:\/\/wgphoto.pl\/t\/index.php?rest_route=%2Fwp%2Fv2%2Fmedia&parent=11744"}],"wp:term":[{"taxonomy":"category","embeddable":true,"href":"https:\/\/wgphoto.pl\/t\/index.php?rest_route=%2Fwp%2Fv2%2Fcategories&post=11744"},{"taxonomy":"post_tag","embeddable":true,"href":"https:\/\/wgphoto.pl\/t\/index.php?rest_route=%2Fwp%2Fv2%2Ftags&post=11744"}],"curies":[{"name":"wp","href":"https:\/\/api.w.org\/{rel}","templated":true}]}}