{"id":11747,"date":"2025-02-09T15:06:12","date_gmt":"2025-02-09T14:06:12","guid":{"rendered":"https:\/\/wgphoto.pl\/t\/?p=11747"},"modified":"2025-02-09T15:06:12","modified_gmt":"2025-02-09T14:06:12","slug":"podwojny-wiadukt-2","status":"publish","type":"post","link":"https:\/\/wgphoto.pl\/t\/?p=11747","title":{"rendered":"Podw\u00f3jny wiadukt"},"content":{"rendered":"\n<figure class=\"wp-block-image aligncenter size-full\"><img loading=\"lazy\" decoding=\"async\" width=\"901\" height=\"600\" src=\"https:\/\/wgphoto.pl\/t\/wp-content\/uploads\/2025\/02\/imgp0037-1.jpg\" alt=\"\" class=\"wp-image-11748\" srcset=\"https:\/\/wgphoto.pl\/t\/wp-content\/uploads\/2025\/02\/imgp0037-1.jpg 901w, https:\/\/wgphoto.pl\/t\/wp-content\/uploads\/2025\/02\/imgp0037-1-300x200.jpg 300w, https:\/\/wgphoto.pl\/t\/wp-content\/uploads\/2025\/02\/imgp0037-1-768x511.jpg 768w\" sizes=\"auto, (max-width: 901px) 100vw, 901px\" \/><\/figure>\n\n\n\n<div class=\"wp-block-group has-global-padding is-layout-constrained wp-block-group-is-layout-constrained\">\n<p>Poci\u0105g 25403 rel. Jelenia G\u00f3ra &#8211; Trutnov hl.n., obs\u0142ugiwany pojazdem SA134-006, za chwil\u0119 zatrzyma si\u0119 na przystanku Bernartice u Trutnova. 27.09.2009<\/p>\n<\/div>\n","protected":false},"excerpt":{"rendered":"<p>Poci\u0105g 25403 rel. Jelenia G\u00f3ra &#8211; Trutnov hl.n., obs\u0142ugiwany pojazdem SA134-006, za chwil\u0119 zatrzyma si\u0119 na przystanku Bernartice u Trutnova. 27.09.2009<\/p>\n","protected":false},"author":1,"featured_media":11748,"comment_status":"open","ping_status":"","sticky":false,"template":"","format":"standard","meta":{"footnotes":""},"categories":[2,169],"tags":[2034,3139,49,249,45,63,2586,3141],"class_list":["post-11747","post","type-post","status-publish","format-standard","has-post-thumbnail","hentry","category-kolej","category-rok-2009","tag-2009-09-27","tag-bernartice-u-trutnova","tag-czechy","tag-goscinne-wystepy","tag-most","tag-pkp","tag-sa134","tag-tab-cz043"],"_links":{"self":[{"href":"https:\/\/wgphoto.pl\/t\/index.php?rest_route=\/wp\/v2\/posts\/11747","targetHints":{"allow":["GET"]}}],"collection":[{"href":"https:\/\/wgphoto.pl\/t\/index.php?rest_route=\/wp\/v2\/posts"}],"about":[{"href":"https:\/\/wgphoto.pl\/t\/index.php?rest_route=\/wp\/v2\/types\/post"}],"author":[{"embeddable":true,"href":"https:\/\/wgphoto.pl\/t\/index.php?rest_route=\/wp\/v2\/users\/1"}],"replies":[{"embeddable":true,"href":"https:\/\/wgphoto.pl\/t\/index.php?rest_route=%2Fwp%2Fv2%2Fcomments&post=11747"}],"version-history":[{"count":1,"href":"https:\/\/wgphoto.pl\/t\/index.php?rest_route=\/wp\/v2\/posts\/11747\/revisions"}],"predecessor-version":[{"id":11749,"href":"https:\/\/wgphoto.pl\/t\/index.php?rest_route=\/wp\/v2\/posts\/11747\/revisions\/11749"}],"wp:featuredmedia":[{"embeddable":true,"href":"https:\/\/wgphoto.pl\/t\/index.php?rest_route=\/wp\/v2\/media\/11748"}],"wp:attachment":[{"href":"https:\/\/wgphoto.pl\/t\/index.php?rest_route=%2Fwp%2Fv2%2Fmedia&parent=11747"}],"wp:term":[{"taxonomy":"category","embeddable":true,"href":"https:\/\/wgphoto.pl\/t\/index.php?rest_route=%2Fwp%2Fv2%2Fcategories&post=11747"},{"taxonomy":"post_tag","embeddable":true,"href":"https:\/\/wgphoto.pl\/t\/index.php?rest_route=%2Fwp%2Fv2%2Ftags&post=11747"}],"curies":[{"name":"wp","href":"https:\/\/api.w.org\/{rel}","templated":true}]}}