{"id":11756,"date":"2025-02-09T15:09:51","date_gmt":"2025-02-09T14:09:51","guid":{"rendered":"https:\/\/wgphoto.pl\/t\/?p=11756"},"modified":"2025-02-09T15:09:51","modified_gmt":"2025-02-09T14:09:51","slug":"motorak-w-lubawce-1","status":"publish","type":"post","link":"https:\/\/wgphoto.pl\/t\/?p=11756","title":{"rendered":"Motorak w Lubawce (1)"},"content":{"rendered":"\n<figure class=\"wp-block-image aligncenter size-full\"><img loading=\"lazy\" decoding=\"async\" width=\"990\" height=\"660\" src=\"https:\/\/wgphoto.pl\/t\/wp-content\/uploads\/2025\/02\/0736-15a.jpg\" alt=\"\" class=\"wp-image-11757\" srcset=\"https:\/\/wgphoto.pl\/t\/wp-content\/uploads\/2025\/02\/0736-15a.jpg 990w, https:\/\/wgphoto.pl\/t\/wp-content\/uploads\/2025\/02\/0736-15a-300x200.jpg 300w, https:\/\/wgphoto.pl\/t\/wp-content\/uploads\/2025\/02\/0736-15a-768x512.jpg 768w\" sizes=\"auto, (max-width: 990px) 100vw, 990px\" \/><\/figure>\n\n\n\n<div class=\"wp-block-group has-global-padding is-layout-constrained wp-block-group-is-layout-constrained\">\n<p>27 pa\u017adziernika 2007 roku przez zachodnie tereny Dolnego \u015al\u0105ska przejecha\u0142 niecodzienny poci\u0105g &#8211; czeski motorak serii 810. Przejazd specjalny na trasie Trutnov &#8211; Kr\u00e1lovec &#8211; Lubawka &#8211; S\u0119dzis\u0142aw &#8211; Jelenia G\u00f3ra &#8211; Lw\u00f3wek \u015al\u0105ski &#8211; Zebrzydowa &#8211; W\u0119gliniec &#8211; Zgorzelec i z powrotem mia\u0142 na celu promocj\u0119 kolejowych po\u0142\u0105cze\u0144 pasa\u017cerskich mi\u0119dzy Polsk\u0105 i Czechami. Jej efektem by\u0142o uruchomienie od czerwca 2008 kursuj\u0105cych w wakacyjne \u0142ykendy poci\u0105g\u00f3w z Jeleniej G\u00f3ry do Trutnova.<br>Oko\u0142o godziny 8:20 pojazd o numerze 810 205-5, eksploatowany na co dzie\u0144 przez czeskiego prywaciarza Viamont, wtoczy\u0142 si\u0119 na mocno podupad\u0142\u0105, cho\u0107 prezentuj\u0105c\u0105 si\u0119 i tak lepiej ni\u017c obecnie, stacj\u0119 w Lubawce. 27.10.2007<\/p>\n<\/div>\n","protected":false},"excerpt":{"rendered":"<p>27 pa\u017adziernika 2007 roku przez zachodnie tereny Dolnego \u015al\u0105ska przejecha\u0142 niecodzienny poci\u0105g &#8211; czeski motorak serii 810. Przejazd specjalny na trasie Trutnov &#8211; Kr\u00e1lovec &#8211; Lubawka &#8211; S\u0119dzis\u0142aw &#8211; Jelenia G\u00f3ra &#8211; Lw\u00f3wek \u015al\u0105ski &#8211; Zebrzydowa &#8211; W\u0119gliniec &#8211; Zgorzelec i z powrotem mia\u0142 na celu promocj\u0119 kolejowych po\u0142\u0105cze\u0144 pasa\u017cerskich mi\u0119dzy Polsk\u0105 i Czechami. Jej [&hellip;]<\/p>\n","protected":false},"author":1,"featured_media":11757,"comment_status":"open","ping_status":"","sticky":false,"template":"","format":"standard","meta":{"footnotes":""},"categories":[62,2,96],"tags":[782,92,249,933,1435,27,627],"class_list":["post-11756","post","type-post","status-publish","format-standard","has-post-thumbnail","hentry","category-analog","category-kolej","category-rok-2007","tag-2007-10-27","tag-92","tag-goscinne-wystepy","tag-gwtr","tag-lubawka","tag-polska","tag-tab-pl247"],"_links":{"self":[{"href":"https:\/\/wgphoto.pl\/t\/index.php?rest_route=\/wp\/v2\/posts\/11756","targetHints":{"allow":["GET"]}}],"collection":[{"href":"https:\/\/wgphoto.pl\/t\/index.php?rest_route=\/wp\/v2\/posts"}],"about":[{"href":"https:\/\/wgphoto.pl\/t\/index.php?rest_route=\/wp\/v2\/types\/post"}],"author":[{"embeddable":true,"href":"https:\/\/wgphoto.pl\/t\/index.php?rest_route=\/wp\/v2\/users\/1"}],"replies":[{"embeddable":true,"href":"https:\/\/wgphoto.pl\/t\/index.php?rest_route=%2Fwp%2Fv2%2Fcomments&post=11756"}],"version-history":[{"count":1,"href":"https:\/\/wgphoto.pl\/t\/index.php?rest_route=\/wp\/v2\/posts\/11756\/revisions"}],"predecessor-version":[{"id":11758,"href":"https:\/\/wgphoto.pl\/t\/index.php?rest_route=\/wp\/v2\/posts\/11756\/revisions\/11758"}],"wp:featuredmedia":[{"embeddable":true,"href":"https:\/\/wgphoto.pl\/t\/index.php?rest_route=\/wp\/v2\/media\/11757"}],"wp:attachment":[{"href":"https:\/\/wgphoto.pl\/t\/index.php?rest_route=%2Fwp%2Fv2%2Fmedia&parent=11756"}],"wp:term":[{"taxonomy":"category","embeddable":true,"href":"https:\/\/wgphoto.pl\/t\/index.php?rest_route=%2Fwp%2Fv2%2Fcategories&post=11756"},{"taxonomy":"post_tag","embeddable":true,"href":"https:\/\/wgphoto.pl\/t\/index.php?rest_route=%2Fwp%2Fv2%2Ftags&post=11756"}],"curies":[{"name":"wp","href":"https:\/\/api.w.org\/{rel}","templated":true}]}}