{"id":11759,"date":"2025-02-09T15:11:03","date_gmt":"2025-02-09T14:11:03","guid":{"rendered":"https:\/\/wgphoto.pl\/t\/?p=11759"},"modified":"2025-02-09T15:11:03","modified_gmt":"2025-02-09T14:11:03","slug":"wysoka-podloga-ma-wartosc-historyczna","status":"publish","type":"post","link":"https:\/\/wgphoto.pl\/t\/?p=11759","title":{"rendered":"Wysoka pod\u0142oga ma warto\u015b\u0107 historyczn\u0105"},"content":{"rendered":"\n<figure class=\"wp-block-image aligncenter size-full\"><img loading=\"lazy\" decoding=\"async\" width=\"990\" height=\"660\" src=\"https:\/\/wgphoto.pl\/t\/wp-content\/uploads\/2025\/02\/0739-18a.jpg\" alt=\"\" class=\"wp-image-11760\" srcset=\"https:\/\/wgphoto.pl\/t\/wp-content\/uploads\/2025\/02\/0739-18a.jpg 990w, https:\/\/wgphoto.pl\/t\/wp-content\/uploads\/2025\/02\/0739-18a-300x200.jpg 300w, https:\/\/wgphoto.pl\/t\/wp-content\/uploads\/2025\/02\/0739-18a-768x512.jpg 768w\" sizes=\"auto, (max-width: 990px) 100vw, 990px\" \/><\/figure>\n\n\n\n<div class=\"wp-block-group has-global-padding is-layout-constrained wp-block-group-is-layout-constrained\">\n<p>810 587-6 i 810 317-8 wieczorow\u0105 por\u0105 oczekuj\u0105 zatrudnienia na dworcu w Libercu. Obecnie (2013) taki widok jest histori\u0105, ca\u0142o\u015b\u0107 ruchu osobowego w w\u0119\u017ale libereckim (o ile nie w ca\u0142ym wojew\u00f3dztwie) przej\u0119\u0142y bowiem pojazdy z obni\u017con\u0105 pod\u0142og\u0105, tj. regionovy i stadlery. 30.12.2007<\/p>\n<\/div>\n","protected":false},"excerpt":{"rendered":"<p>810 587-6 i 810 317-8 wieczorow\u0105 por\u0105 oczekuj\u0105 zatrudnienia na dworcu w Libercu. Obecnie (2013) taki widok jest histori\u0105, ca\u0142o\u015b\u0107 ruchu osobowego w w\u0119\u017ale libereckim (o ile nie w ca\u0142ym wojew\u00f3dztwie) przej\u0119\u0142y bowiem pojazdy z obni\u017con\u0105 pod\u0142og\u0105, tj. regionovy i stadlery. 30.12.2007<\/p>\n","protected":false},"author":1,"featured_media":11760,"comment_status":"open","ping_status":"","sticky":false,"template":"","format":"standard","meta":{"footnotes":""},"categories":[62,2,96],"tags":[2434,92,50,49,877,154,24,44],"class_list":["post-11759","post","type-post","status-publish","format-standard","has-post-thumbnail","hentry","category-analog","category-kolej","category-rok-2007","tag-2007-12-30","tag-92","tag-cd","tag-czechy","tag-liberec","tag-noc","tag-perony","tag-snieg"],"_links":{"self":[{"href":"https:\/\/wgphoto.pl\/t\/index.php?rest_route=\/wp\/v2\/posts\/11759","targetHints":{"allow":["GET"]}}],"collection":[{"href":"https:\/\/wgphoto.pl\/t\/index.php?rest_route=\/wp\/v2\/posts"}],"about":[{"href":"https:\/\/wgphoto.pl\/t\/index.php?rest_route=\/wp\/v2\/types\/post"}],"author":[{"embeddable":true,"href":"https:\/\/wgphoto.pl\/t\/index.php?rest_route=\/wp\/v2\/users\/1"}],"replies":[{"embeddable":true,"href":"https:\/\/wgphoto.pl\/t\/index.php?rest_route=%2Fwp%2Fv2%2Fcomments&post=11759"}],"version-history":[{"count":1,"href":"https:\/\/wgphoto.pl\/t\/index.php?rest_route=\/wp\/v2\/posts\/11759\/revisions"}],"predecessor-version":[{"id":11761,"href":"https:\/\/wgphoto.pl\/t\/index.php?rest_route=\/wp\/v2\/posts\/11759\/revisions\/11761"}],"wp:featuredmedia":[{"embeddable":true,"href":"https:\/\/wgphoto.pl\/t\/index.php?rest_route=\/wp\/v2\/media\/11760"}],"wp:attachment":[{"href":"https:\/\/wgphoto.pl\/t\/index.php?rest_route=%2Fwp%2Fv2%2Fmedia&parent=11759"}],"wp:term":[{"taxonomy":"category","embeddable":true,"href":"https:\/\/wgphoto.pl\/t\/index.php?rest_route=%2Fwp%2Fv2%2Fcategories&post=11759"},{"taxonomy":"post_tag","embeddable":true,"href":"https:\/\/wgphoto.pl\/t\/index.php?rest_route=%2Fwp%2Fv2%2Ftags&post=11759"}],"curies":[{"name":"wp","href":"https:\/\/api.w.org\/{rel}","templated":true}]}}