{"id":11762,"date":"2025-02-09T15:12:07","date_gmt":"2025-02-09T14:12:07","guid":{"rendered":"https:\/\/wgphoto.pl\/t\/?p=11762"},"modified":"2025-02-09T15:12:07","modified_gmt":"2025-02-09T14:12:07","slug":"wiedenskie-premetro","status":"publish","type":"post","link":"https:\/\/wgphoto.pl\/t\/?p=11762","title":{"rendered":"Wiede\u0144skie premetro"},"content":{"rendered":"\n<figure class=\"wp-block-image aligncenter size-full\"><img loading=\"lazy\" decoding=\"async\" width=\"1000\" height=\"667\" src=\"https:\/\/wgphoto.pl\/t\/wp-content\/uploads\/2025\/02\/0611-22.jpg\" alt=\"\" class=\"wp-image-11763\" srcset=\"https:\/\/wgphoto.pl\/t\/wp-content\/uploads\/2025\/02\/0611-22.jpg 1000w, https:\/\/wgphoto.pl\/t\/wp-content\/uploads\/2025\/02\/0611-22-300x200.jpg 300w, https:\/\/wgphoto.pl\/t\/wp-content\/uploads\/2025\/02\/0611-22-768x512.jpg 768w\" sizes=\"auto, (max-width: 1000px) 100vw, 1000px\" \/><\/figure>\n\n\n\n<div class=\"wp-block-group has-global-padding is-layout-constrained wp-block-group-is-layout-constrained\">\n<p>Wiede\u0144, Matzleinsdorfer Platz. Sk\u0142ad E1+c3 4527+1227 zatrzyma\u0142 si\u0119 na przystanku przed jednym z dw\u00f3ch tutejszych podziemnych skrzy\u017cowa\u0144 tramwajowych. 29.06.2006<\/p>\n<\/div>\n","protected":false},"excerpt":{"rendered":"<p>Wiede\u0144, Matzleinsdorfer Platz. Sk\u0142ad E1+c3 4527+1227 zatrzyma\u0142 si\u0119 na przystanku przed jednym z dw\u00f3ch tutejszych podziemnych skrzy\u017cowa\u0144 tramwajowych. 29.06.2006<\/p>\n","protected":false},"author":1,"featured_media":11763,"comment_status":"open","ping_status":"","sticky":false,"template":"","format":"standard","meta":{"footnotes":""},"categories":[62,130,3],"tags":[2024,9,102,101,103,15,97,98],"class_list":["post-11762","post","type-post","status-publish","format-standard","has-post-thumbnail","hentry","category-analog","category-rok-2006","category-tramwaj","tag-2006-06-29","tag-austria","tag-e1","tag-gt6","tag-premetro","tag-tunel","tag-wieden","tag-wiener-linien"],"_links":{"self":[{"href":"https:\/\/wgphoto.pl\/t\/index.php?rest_route=\/wp\/v2\/posts\/11762","targetHints":{"allow":["GET"]}}],"collection":[{"href":"https:\/\/wgphoto.pl\/t\/index.php?rest_route=\/wp\/v2\/posts"}],"about":[{"href":"https:\/\/wgphoto.pl\/t\/index.php?rest_route=\/wp\/v2\/types\/post"}],"author":[{"embeddable":true,"href":"https:\/\/wgphoto.pl\/t\/index.php?rest_route=\/wp\/v2\/users\/1"}],"replies":[{"embeddable":true,"href":"https:\/\/wgphoto.pl\/t\/index.php?rest_route=%2Fwp%2Fv2%2Fcomments&post=11762"}],"version-history":[{"count":1,"href":"https:\/\/wgphoto.pl\/t\/index.php?rest_route=\/wp\/v2\/posts\/11762\/revisions"}],"predecessor-version":[{"id":11764,"href":"https:\/\/wgphoto.pl\/t\/index.php?rest_route=\/wp\/v2\/posts\/11762\/revisions\/11764"}],"wp:featuredmedia":[{"embeddable":true,"href":"https:\/\/wgphoto.pl\/t\/index.php?rest_route=\/wp\/v2\/media\/11763"}],"wp:attachment":[{"href":"https:\/\/wgphoto.pl\/t\/index.php?rest_route=%2Fwp%2Fv2%2Fmedia&parent=11762"}],"wp:term":[{"taxonomy":"category","embeddable":true,"href":"https:\/\/wgphoto.pl\/t\/index.php?rest_route=%2Fwp%2Fv2%2Fcategories&post=11762"},{"taxonomy":"post_tag","embeddable":true,"href":"https:\/\/wgphoto.pl\/t\/index.php?rest_route=%2Fwp%2Fv2%2Ftags&post=11762"}],"curies":[{"name":"wp","href":"https:\/\/api.w.org\/{rel}","templated":true}]}}