{"id":11775,"date":"2025-02-09T21:31:03","date_gmt":"2025-02-09T20:31:03","guid":{"rendered":"https:\/\/wgphoto.pl\/t\/?p=11775"},"modified":"2025-08-09T13:10:19","modified_gmt":"2025-08-09T11:10:19","slug":"porto-torres-marittima-2","status":"publish","type":"post","link":"https:\/\/wgphoto.pl\/t\/?p=11775","title":{"rendered":"Porto Torres Marittima"},"content":{"rendered":"\n<figure class=\"wp-block-image aligncenter size-full\"><img loading=\"lazy\" decoding=\"async\" width=\"1300\" height=\"870\" src=\"https:\/\/wgphoto.pl\/t\/wp-content\/uploads\/2025\/02\/imgp7365-1.jpg\" alt=\"\" class=\"wp-image-11776\" srcset=\"https:\/\/wgphoto.pl\/t\/wp-content\/uploads\/2025\/02\/imgp7365-1.jpg 1300w, https:\/\/wgphoto.pl\/t\/wp-content\/uploads\/2025\/02\/imgp7365-1-300x201.jpg 300w, https:\/\/wgphoto.pl\/t\/wp-content\/uploads\/2025\/02\/imgp7365-1-768x514.jpg 768w\" sizes=\"auto, (max-width: 1300px) 100vw, 1300px\" \/><\/figure>\n\n\n\n<div class=\"wp-block-group has-global-padding is-layout-constrained wp-block-group-is-layout-constrained\">\n<p>Na Sardynii funkcjonuj\u0105 tak\u017ce koleje normalnotorowe, obs\u0142ugiwane przez narodowego przewo\u017anika. Poci\u0105g 8979 do Sassari, zestawiony z wagon\u00f3w motorowych ALn668-3175+ALn663-1145, w\u0142a\u015bnie ruszy\u0142 z pocz\u0105tkowego przystanku, po\u0142o\u017conego tu\u017c obok portu w Porto Torres. 2012-03-23<\/p>\n<\/div>\n","protected":false},"excerpt":{"rendered":"<p>Na Sardynii funkcjonuj\u0105 tak\u017ce koleje normalnotorowe, obs\u0142ugiwane przez narodowego przewo\u017anika. Poci\u0105g 8979 do Sassari, zestawiony z wagon\u00f3w motorowych ALn668-3175+ALn663-1145, w\u0142a\u015bnie ruszy\u0142 z pocz\u0105tkowego przystanku, po\u0142o\u017conego tu\u017c obok portu w Porto Torres. 2012-03-23<\/p>\n","protected":false},"author":1,"featured_media":11776,"comment_status":"open","ping_status":"","sticky":false,"template":"","format":"standard","meta":{"footnotes":""},"categories":[2,46],"tags":[1692,4462,112,116,3143,1113,1691,110],"class_list":["post-11775","post","type-post","status-publish","format-standard","has-post-thumbnail","hentry","category-kolej","category-rok-2012","tag-2012-03-23","tag-aln668","tag-fs","tag-morze","tag-porto-torres","tag-roslinnosc","tag-sardynia","tag-wlochy"],"_links":{"self":[{"href":"https:\/\/wgphoto.pl\/t\/index.php?rest_route=\/wp\/v2\/posts\/11775","targetHints":{"allow":["GET"]}}],"collection":[{"href":"https:\/\/wgphoto.pl\/t\/index.php?rest_route=\/wp\/v2\/posts"}],"about":[{"href":"https:\/\/wgphoto.pl\/t\/index.php?rest_route=\/wp\/v2\/types\/post"}],"author":[{"embeddable":true,"href":"https:\/\/wgphoto.pl\/t\/index.php?rest_route=\/wp\/v2\/users\/1"}],"replies":[{"embeddable":true,"href":"https:\/\/wgphoto.pl\/t\/index.php?rest_route=%2Fwp%2Fv2%2Fcomments&post=11775"}],"version-history":[{"count":1,"href":"https:\/\/wgphoto.pl\/t\/index.php?rest_route=\/wp\/v2\/posts\/11775\/revisions"}],"predecessor-version":[{"id":11777,"href":"https:\/\/wgphoto.pl\/t\/index.php?rest_route=\/wp\/v2\/posts\/11775\/revisions\/11777"}],"wp:featuredmedia":[{"embeddable":true,"href":"https:\/\/wgphoto.pl\/t\/index.php?rest_route=\/wp\/v2\/media\/11776"}],"wp:attachment":[{"href":"https:\/\/wgphoto.pl\/t\/index.php?rest_route=%2Fwp%2Fv2%2Fmedia&parent=11775"}],"wp:term":[{"taxonomy":"category","embeddable":true,"href":"https:\/\/wgphoto.pl\/t\/index.php?rest_route=%2Fwp%2Fv2%2Fcategories&post=11775"},{"taxonomy":"post_tag","embeddable":true,"href":"https:\/\/wgphoto.pl\/t\/index.php?rest_route=%2Fwp%2Fv2%2Ftags&post=11775"}],"curies":[{"name":"wp","href":"https:\/\/api.w.org\/{rel}","templated":true}]}}