{"id":11781,"date":"2025-02-09T21:34:52","date_gmt":"2025-02-09T20:34:52","guid":{"rendered":"https:\/\/wgphoto.pl\/t\/?p=11781"},"modified":"2025-02-09T22:15:45","modified_gmt":"2025-02-09T21:15:45","slug":"mairie-de-saint-ouen","status":"publish","type":"post","link":"https:\/\/wgphoto.pl\/t\/?p=11781","title":{"rendered":"Mairie de Saint-Ouen"},"content":{"rendered":"\n<figure class=\"wp-block-image aligncenter size-full\"><img loading=\"lazy\" decoding=\"async\" width=\"1300\" height=\"870\" src=\"https:\/\/wgphoto.pl\/t\/wp-content\/uploads\/2025\/02\/imgp6624.jpg\" alt=\"\" class=\"wp-image-11782\" srcset=\"https:\/\/wgphoto.pl\/t\/wp-content\/uploads\/2025\/02\/imgp6624.jpg 1300w, https:\/\/wgphoto.pl\/t\/wp-content\/uploads\/2025\/02\/imgp6624-300x201.jpg 300w, https:\/\/wgphoto.pl\/t\/wp-content\/uploads\/2025\/02\/imgp6624-768x514.jpg 768w\" sizes=\"auto, (max-width: 1300px) 100vw, 1300px\" \/><\/figure>\n\n\n\n<div class=\"wp-block-group has-global-padding is-layout-constrained wp-block-group-is-layout-constrained\">\n<p>Stacja Mairie de Saint-Ouen na linii M13. By\u0142em kiedy\u015b w Pary\u017cu, gdzie pope\u0142ni\u0142em m.in. par\u0119 zapomnianych ju\u017c, bo nieszczeg\u00f3lnych, zdj\u0119\u0107 metra. Teraz mnie denerwuje w nich sporo niedoci\u0105gni\u0119\u0107 technicznych (mia\u0142em wtedy jeden jedyny jasny obiektyw: 50 mm) oraz fatalne kadry. Jednak teraz &#8211; po Sztokholmie &#8211; mam do metra inne podej\u015bcie. A tak si\u0119 sk\u0142ada, \u017ce paryskie stacje s\u0105 r\u00f3wnie fotogeniczne co sztokholmskie (a tak\u017ce lizbo\u0144skie, ca\u0142kowicie przeze mnie zmarnowane &#8211; nie przywioz\u0142em ani jednego zdj\u0119cia!), cho\u0107 wygl\u0105daj\u0105 zupe\u0142nie inaczej. Jedynie knypkowaty i zwyczajnie brzydki tabor paryski mi si\u0119 nie podoba. Ale przecie\u017c m\u00f3wi\u0119 o fotografowaniu stacji. 2010-09-01<\/p>\n<\/div>\n","protected":false},"excerpt":{"rendered":"<p>Stacja Mairie de Saint-Ouen na linii M13. By\u0142em kiedy\u015b w Pary\u017cu, gdzie pope\u0142ni\u0142em m.in. par\u0119 zapomnianych ju\u017c, bo nieszczeg\u00f3lnych, zdj\u0119\u0107 metra. Teraz mnie denerwuje w nich sporo niedoci\u0105gni\u0119\u0107 technicznych (mia\u0142em wtedy jeden jedyny jasny obiektyw: 50 mm) oraz fatalne kadry. Jednak teraz &#8211; po Sztokholmie &#8211; mam do metra inne podej\u015bcie. A tak si\u0119 sk\u0142ada, [&hellip;]<\/p>\n","protected":false},"author":1,"featured_media":11782,"comment_status":"open","ping_status":"","sticky":false,"template":"","format":"standard","meta":{"footnotes":""},"categories":[4,86],"tags":[414,415,2982,416,2983,15],"class_list":["post-11781","post","type-post","status-publish","format-standard","has-post-thumbnail","hentry","category-metro","category-rok-2010","tag-2010-09-01","tag-francja","tag-metro-de-paris","tag-paryz","tag-ratp-paris","tag-tunel"],"_links":{"self":[{"href":"https:\/\/wgphoto.pl\/t\/index.php?rest_route=\/wp\/v2\/posts\/11781","targetHints":{"allow":["GET"]}}],"collection":[{"href":"https:\/\/wgphoto.pl\/t\/index.php?rest_route=\/wp\/v2\/posts"}],"about":[{"href":"https:\/\/wgphoto.pl\/t\/index.php?rest_route=\/wp\/v2\/types\/post"}],"author":[{"embeddable":true,"href":"https:\/\/wgphoto.pl\/t\/index.php?rest_route=\/wp\/v2\/users\/1"}],"replies":[{"embeddable":true,"href":"https:\/\/wgphoto.pl\/t\/index.php?rest_route=%2Fwp%2Fv2%2Fcomments&post=11781"}],"version-history":[{"count":1,"href":"https:\/\/wgphoto.pl\/t\/index.php?rest_route=\/wp\/v2\/posts\/11781\/revisions"}],"predecessor-version":[{"id":11783,"href":"https:\/\/wgphoto.pl\/t\/index.php?rest_route=\/wp\/v2\/posts\/11781\/revisions\/11783"}],"wp:featuredmedia":[{"embeddable":true,"href":"https:\/\/wgphoto.pl\/t\/index.php?rest_route=\/wp\/v2\/media\/11782"}],"wp:attachment":[{"href":"https:\/\/wgphoto.pl\/t\/index.php?rest_route=%2Fwp%2Fv2%2Fmedia&parent=11781"}],"wp:term":[{"taxonomy":"category","embeddable":true,"href":"https:\/\/wgphoto.pl\/t\/index.php?rest_route=%2Fwp%2Fv2%2Fcategories&post=11781"},{"taxonomy":"post_tag","embeddable":true,"href":"https:\/\/wgphoto.pl\/t\/index.php?rest_route=%2Fwp%2Fv2%2Ftags&post=11781"}],"curies":[{"name":"wp","href":"https:\/\/api.w.org\/{rel}","templated":true}]}}