{"id":11784,"date":"2025-02-09T21:37:29","date_gmt":"2025-02-09T20:37:29","guid":{"rendered":"https:\/\/wgphoto.pl\/t\/?p=11784"},"modified":"2025-02-09T21:37:29","modified_gmt":"2025-02-09T20:37:29","slug":"tgv","status":"publish","type":"post","link":"https:\/\/wgphoto.pl\/t\/?p=11784","title":{"rendered":"TGV"},"content":{"rendered":"\n<figure class=\"wp-block-image aligncenter size-full\"><img loading=\"lazy\" decoding=\"async\" width=\"1024\" height=\"672\" src=\"https:\/\/wgphoto.pl\/t\/wp-content\/uploads\/2025\/02\/imgp6705.jpg\" alt=\"\" class=\"wp-image-11785\" srcset=\"https:\/\/wgphoto.pl\/t\/wp-content\/uploads\/2025\/02\/imgp6705.jpg 1024w, https:\/\/wgphoto.pl\/t\/wp-content\/uploads\/2025\/02\/imgp6705-300x197.jpg 300w, https:\/\/wgphoto.pl\/t\/wp-content\/uploads\/2025\/02\/imgp6705-768x504.jpg 768w\" sizes=\"auto, (max-width: 1024px) 100vw, 1024px\" \/><\/figure>\n\n\n\n<div class=\"wp-block-group has-global-padding is-layout-constrained wp-block-group-is-layout-constrained\">\n<p>Poci\u0105g nieznanej mi relacji odje\u017cd\u017ca ze stacji przy lotnisku Charlesa de Gaullea w Pary\u017cu. To jedyne moje foto tego symbolu szybkiej kolei. 2010-09-01<\/p>\n<\/div>\n","protected":false},"excerpt":{"rendered":"<p>Poci\u0105g nieznanej mi relacji odje\u017cd\u017ca ze stacji przy lotnisku Charlesa de Gaullea w Pary\u017cu. To jedyne moje foto tego symbolu szybkiej kolei. 2010-09-01<\/p>\n","protected":false},"author":1,"featured_media":11785,"comment_status":"open","ping_status":"","sticky":false,"template":"","format":"standard","meta":{"footnotes":""},"categories":[2,86],"tags":[414,415,173,416,1764,3146],"class_list":["post-11784","post","type-post","status-publish","format-standard","has-post-thumbnail","hentry","category-kolej","category-rok-2010","tag-2010-09-01","tag-francja","tag-koncowki","tag-paryz","tag-sncf","tag-tgv"],"_links":{"self":[{"href":"https:\/\/wgphoto.pl\/t\/index.php?rest_route=\/wp\/v2\/posts\/11784","targetHints":{"allow":["GET"]}}],"collection":[{"href":"https:\/\/wgphoto.pl\/t\/index.php?rest_route=\/wp\/v2\/posts"}],"about":[{"href":"https:\/\/wgphoto.pl\/t\/index.php?rest_route=\/wp\/v2\/types\/post"}],"author":[{"embeddable":true,"href":"https:\/\/wgphoto.pl\/t\/index.php?rest_route=\/wp\/v2\/users\/1"}],"replies":[{"embeddable":true,"href":"https:\/\/wgphoto.pl\/t\/index.php?rest_route=%2Fwp%2Fv2%2Fcomments&post=11784"}],"version-history":[{"count":1,"href":"https:\/\/wgphoto.pl\/t\/index.php?rest_route=\/wp\/v2\/posts\/11784\/revisions"}],"predecessor-version":[{"id":11786,"href":"https:\/\/wgphoto.pl\/t\/index.php?rest_route=\/wp\/v2\/posts\/11784\/revisions\/11786"}],"wp:featuredmedia":[{"embeddable":true,"href":"https:\/\/wgphoto.pl\/t\/index.php?rest_route=\/wp\/v2\/media\/11785"}],"wp:attachment":[{"href":"https:\/\/wgphoto.pl\/t\/index.php?rest_route=%2Fwp%2Fv2%2Fmedia&parent=11784"}],"wp:term":[{"taxonomy":"category","embeddable":true,"href":"https:\/\/wgphoto.pl\/t\/index.php?rest_route=%2Fwp%2Fv2%2Fcategories&post=11784"},{"taxonomy":"post_tag","embeddable":true,"href":"https:\/\/wgphoto.pl\/t\/index.php?rest_route=%2Fwp%2Fv2%2Ftags&post=11784"}],"curies":[{"name":"wp","href":"https:\/\/api.w.org\/{rel}","templated":true}]}}