{"id":11787,"date":"2025-02-09T21:40:35","date_gmt":"2025-02-09T20:40:35","guid":{"rendered":"https:\/\/wgphoto.pl\/t\/?p=11787"},"modified":"2025-02-09T21:40:35","modified_gmt":"2025-02-09T20:40:35","slug":"bez-deszczu","status":"publish","type":"post","link":"https:\/\/wgphoto.pl\/t\/?p=11787","title":{"rendered":"Bez deszczu"},"content":{"rendered":"\n<figure class=\"wp-block-image aligncenter size-full\"><img loading=\"lazy\" decoding=\"async\" width=\"1024\" height=\"683\" src=\"https:\/\/wgphoto.pl\/t\/wp-content\/uploads\/2025\/02\/IMGP5058.jpg\" alt=\"\" class=\"wp-image-11788\" srcset=\"https:\/\/wgphoto.pl\/t\/wp-content\/uploads\/2025\/02\/IMGP5058.jpg 1024w, https:\/\/wgphoto.pl\/t\/wp-content\/uploads\/2025\/02\/IMGP5058-300x200.jpg 300w, https:\/\/wgphoto.pl\/t\/wp-content\/uploads\/2025\/02\/IMGP5058-768x512.jpg 768w\" sizes=\"auto, (max-width: 1024px) 100vw, 1024px\" \/><\/figure>\n\n\n\n<div class=\"wp-block-group has-global-padding is-layout-constrained wp-block-group-is-layout-constrained\">\n<p>Bergen, Inndalsveien. Wagon 203 opu\u015bci\u0142 przystanek Brann Stadion. Jeszcze jedno uj\u0119cie widokowe, tym razem bez s\u0142o\u0144ca. W Bergen jednak i tak\u0105 pochmurn\u0105 lecz such\u0105 pogod\u0119 nale\u017cy doceni\u0107, bo w tym rzekomo najbardziej deszczowym mie\u015bcie \u015bwiata pada \u015brednio przez 245 dni w roku. 2013-08-23<\/p>\n<\/div>\n","protected":false},"excerpt":{"rendered":"<p>Bergen, Inndalsveien. Wagon 203 opu\u015bci\u0142 przystanek Brann Stadion. Jeszcze jedno uj\u0119cie widokowe, tym razem bez s\u0142o\u0144ca. W Bergen jednak i tak\u0105 pochmurn\u0105 lecz such\u0105 pogod\u0119 nale\u017cy doceni\u0107, bo w tym rzekomo najbardziej deszczowym mie\u015bcie \u015bwiata pada \u015brednio przez 245 dni w roku. 2013-08-23<\/p>\n","protected":false},"author":1,"featured_media":11788,"comment_status":"open","ping_status":"","sticky":false,"template":"","format":"standard","meta":{"footnotes":""},"categories":[55,3],"tags":[727,724,725,78,726],"class_list":["post-11787","post","type-post","status-publish","format-standard","has-post-thumbnail","hentry","category-rok-2013","category-tramwaj","tag-2013-08-23","tag-bergen","tag-bybanen-bergen","tag-norwegia","tag-variobahn"],"_links":{"self":[{"href":"https:\/\/wgphoto.pl\/t\/index.php?rest_route=\/wp\/v2\/posts\/11787","targetHints":{"allow":["GET"]}}],"collection":[{"href":"https:\/\/wgphoto.pl\/t\/index.php?rest_route=\/wp\/v2\/posts"}],"about":[{"href":"https:\/\/wgphoto.pl\/t\/index.php?rest_route=\/wp\/v2\/types\/post"}],"author":[{"embeddable":true,"href":"https:\/\/wgphoto.pl\/t\/index.php?rest_route=\/wp\/v2\/users\/1"}],"replies":[{"embeddable":true,"href":"https:\/\/wgphoto.pl\/t\/index.php?rest_route=%2Fwp%2Fv2%2Fcomments&post=11787"}],"version-history":[{"count":1,"href":"https:\/\/wgphoto.pl\/t\/index.php?rest_route=\/wp\/v2\/posts\/11787\/revisions"}],"predecessor-version":[{"id":11789,"href":"https:\/\/wgphoto.pl\/t\/index.php?rest_route=\/wp\/v2\/posts\/11787\/revisions\/11789"}],"wp:featuredmedia":[{"embeddable":true,"href":"https:\/\/wgphoto.pl\/t\/index.php?rest_route=\/wp\/v2\/media\/11788"}],"wp:attachment":[{"href":"https:\/\/wgphoto.pl\/t\/index.php?rest_route=%2Fwp%2Fv2%2Fmedia&parent=11787"}],"wp:term":[{"taxonomy":"category","embeddable":true,"href":"https:\/\/wgphoto.pl\/t\/index.php?rest_route=%2Fwp%2Fv2%2Fcategories&post=11787"},{"taxonomy":"post_tag","embeddable":true,"href":"https:\/\/wgphoto.pl\/t\/index.php?rest_route=%2Fwp%2Fv2%2Ftags&post=11787"}],"curies":[{"name":"wp","href":"https:\/\/api.w.org\/{rel}","templated":true}]}}