{"id":11790,"date":"2025-02-09T21:42:14","date_gmt":"2025-02-09T20:42:14","guid":{"rendered":"https:\/\/wgphoto.pl\/t\/?p=11790"},"modified":"2025-02-09T21:42:14","modified_gmt":"2025-02-09T20:42:14","slug":"czerwony-3","status":"publish","type":"post","link":"https:\/\/wgphoto.pl\/t\/?p=11790","title":{"rendered":"Czerwony"},"content":{"rendered":"\n<figure class=\"wp-block-image aligncenter size-full\"><img loading=\"lazy\" decoding=\"async\" width=\"1300\" height=\"870\" src=\"https:\/\/wgphoto.pl\/t\/wp-content\/uploads\/2025\/02\/imgp9757.jpg\" alt=\"\" class=\"wp-image-11791\" srcset=\"https:\/\/wgphoto.pl\/t\/wp-content\/uploads\/2025\/02\/imgp9757.jpg 1300w, https:\/\/wgphoto.pl\/t\/wp-content\/uploads\/2025\/02\/imgp9757-300x201.jpg 300w, https:\/\/wgphoto.pl\/t\/wp-content\/uploads\/2025\/02\/imgp9757-768x514.jpg 768w\" sizes=\"auto, (max-width: 1300px) 100vw, 1300px\" \/><\/figure>\n\n\n\n<div class=\"wp-block-group has-global-padding is-layout-constrained wp-block-group-is-layout-constrained\">\n<p>242.207-9 z wieczornym osobowym 7379 do Mari\u00e1nsk\u00fdch L\u00e1zn\u00ed oczekuje pory odjazdu ze stacji Cheb. Czerwie\u0144 pochodzi nie tylko od semafor\u00f3w ale te\u017c od zaparkowanego na ko\u0144cu peronu motoraka, a mo\u017ce i nawet regionovy z LED-ami. W kwestii taboru widocznego na zdj\u0119ciu odnotowa\u0107 nale\u017cy, \u017ce pantograf po\u0142\u00f3wkowy na lokomotywie tej serii jest rzadko\u015bci\u0105. 2009-09-10<\/p>\n<\/div>\n","protected":false},"excerpt":{"rendered":"<p>242.207-9 z wieczornym osobowym 7379 do Mari\u00e1nsk\u00fdch L\u00e1zn\u00ed oczekuje pory odjazdu ze stacji Cheb. Czerwie\u0144 pochodzi nie tylko od semafor\u00f3w ale te\u017c od zaparkowanego na ko\u0144cu peronu motoraka, a mo\u017ce i nawet regionovy z LED-ami. W kwestii taboru widocznego na zdj\u0119ciu odnotowa\u0107 nale\u017cy, \u017ce pantograf po\u0142\u00f3wkowy na lokomotywie tej serii jest rzadko\u015bci\u0105. 2009-09-10<\/p>\n","protected":false},"author":1,"featured_media":11791,"comment_status":"open","ping_status":"","sticky":false,"template":"","format":"standard","meta":{"footnotes":""},"categories":[2,169],"tags":[490,305,50,1645,49,154,498],"class_list":["post-11790","post","type-post","status-publish","format-standard","has-post-thumbnail","hentry","category-kolej","category-rok-2009","tag-2009-09-10","tag-305","tag-cd","tag-cheb","tag-czechy","tag-noc","tag-tab-cz170"],"_links":{"self":[{"href":"https:\/\/wgphoto.pl\/t\/index.php?rest_route=\/wp\/v2\/posts\/11790","targetHints":{"allow":["GET"]}}],"collection":[{"href":"https:\/\/wgphoto.pl\/t\/index.php?rest_route=\/wp\/v2\/posts"}],"about":[{"href":"https:\/\/wgphoto.pl\/t\/index.php?rest_route=\/wp\/v2\/types\/post"}],"author":[{"embeddable":true,"href":"https:\/\/wgphoto.pl\/t\/index.php?rest_route=\/wp\/v2\/users\/1"}],"replies":[{"embeddable":true,"href":"https:\/\/wgphoto.pl\/t\/index.php?rest_route=%2Fwp%2Fv2%2Fcomments&post=11790"}],"version-history":[{"count":1,"href":"https:\/\/wgphoto.pl\/t\/index.php?rest_route=\/wp\/v2\/posts\/11790\/revisions"}],"predecessor-version":[{"id":11792,"href":"https:\/\/wgphoto.pl\/t\/index.php?rest_route=\/wp\/v2\/posts\/11790\/revisions\/11792"}],"wp:featuredmedia":[{"embeddable":true,"href":"https:\/\/wgphoto.pl\/t\/index.php?rest_route=\/wp\/v2\/media\/11791"}],"wp:attachment":[{"href":"https:\/\/wgphoto.pl\/t\/index.php?rest_route=%2Fwp%2Fv2%2Fmedia&parent=11790"}],"wp:term":[{"taxonomy":"category","embeddable":true,"href":"https:\/\/wgphoto.pl\/t\/index.php?rest_route=%2Fwp%2Fv2%2Fcategories&post=11790"},{"taxonomy":"post_tag","embeddable":true,"href":"https:\/\/wgphoto.pl\/t\/index.php?rest_route=%2Fwp%2Fv2%2Ftags&post=11790"}],"curies":[{"name":"wp","href":"https:\/\/api.w.org\/{rel}","templated":true}]}}